{"id":3946,"date":"2026-02-19T11:40:42","date_gmt":"2026-02-19T11:40:42","guid":{"rendered":"https:\/\/www.newsrecorder.ro\/app\/2026\/02\/19\/dinamo-surprinde-cu-un-moment-emotionant-la-duelul-cu-steaua\/"},"modified":"2026-02-19T11:40:42","modified_gmt":"2026-02-19T11:40:42","slug":"dinamo-surprinde-cu-un-moment-emotionant-la-duelul-cu-steaua","status":"publish","type":"post","link":"https:\/\/www.newsrecorder.ro\/app\/2026\/02\/19\/dinamo-surprinde-cu-un-moment-emotionant-la-duelul-cu-steaua\/","title":{"rendered":"Dinamo surprinde cu un moment emo\u021bionant la duelul cu Steaua!"},"content":{"rendered":"<p>\u00cen data de 19 februarie 1981, Dinamo Bucure\u0219ti a realizat o performan\u021b\u0103 remarcabil\u0103, c\u00e2\u0219tig\u00e2nd trofeul din Cupa Campionilor Europeni, competi\u021bie care ast\u0103zi poart\u0103 numele de Liga Campionilor. Evenimentul a avut loc la Palma de Mallorca, unde echipa rom\u00e2neasc\u0103 a \u00eenfruntat forma\u021bia \u021aSKA Moscova \u00eentr-o final\u0103 plin\u0103 de emo\u021bii.<\/p>\n<p>Partida s-a \u00eencheiat cu o victorie str\u00e2ns\u0103 pentru Dinamo, scorul final fiind de 3-2. Aceast\u0103 reu\u0219it\u0103 a fost posibil\u0103 datorit\u0103 unui lot talentat, din care au f\u0103cut parte juc\u0103tori precum Gunther Enescu, Lauren\u021biu Dum\u0103noiu, Gheorghe Zanfir, Marian P\u0103u\u0219escu, Cornel Oros, Dan G\u00e2rleanu, Marius C\u0103ta-Chi\u021biga, Mihai Slabu, Mircea Tutovan \u0219i Emilian Vr\u00e2ncu\u021b. Echipa a fost preg\u0103tit\u0103 de antrenorii Willy Schreiber \u0219i George Eremia, care au contribuit semnificativ la acest succes istoric.<\/p>\n<p>Aniversarea acestui moment deosebit va fi celebrat\u0103 s\u00e2mb\u0103t\u0103, \u00een cadrul unui eveniment special ce va avea loc \u00eenaintea meciului cu Steaua, programat s\u0103 \u00eenceap\u0103 la ora 17:00, \u00een Sala Dinamo. Suporterii \u0219i juc\u0103torii sunt a\u0219tepta\u021bi s\u0103 participe la acest omagiu dedicat performan\u021bei din 1981.<\/p>\n<p>Dinamo r\u0103m\u00e2ne cea mai titrat\u0103 echip\u0103 din voleiul masculin rom\u00e2nesc, av\u00e2nd \u00een palmares trei Cupe ale Campionilor Europeni c\u00e2\u0219tigate, al\u0103turi de alte trei finale disputate, precum \u0219i o Cup\u0103 a Cupelor ob\u021binut\u0103 \u00een 1979. \u00cen plus, clubul se m\u00e2ndre\u0219te cu 19 titluri de campioan\u0103 na\u021bional\u0103, cel mai recent fiind c\u00e2\u0219tigat \u00een sezonul precedent.<\/p>\n<p>Oficialii clubului promit un \u201espectacol la fileu\u201d \u00een derby-ul cu Steaua, echip\u0103 ce ocup\u0103 \u00een prezent prima pozi\u021bie \u00een clasamentul campionatului, atr\u0103g\u00e2nd astfel aten\u021bia fanilor \u0219i a pasiona\u021bilor de volei din \u00eentreaga \u021bar\u0103.<\/p>\n","protected":false},"excerpt":{"rendered":"<p>\u00cen data de 19 februarie 1981, Dinamo Bucure\u0219ti a realizat o performan\u021b\u0103 remarcabil\u0103, c\u00e2\u0219tig\u00e2nd trofeul din Cupa Campionilor Europeni, competi\u021bie care ast\u0103zi poart\u0103 numele de Liga Campionilor. Evenimentul a avut loc la Palma de Mallorca, unde echipa rom\u00e2neasc\u0103 a \u00eenfruntat forma\u021bia \u021aSKA Moscova \u00eentr-o final\u0103 plin\u0103 de emo\u021bii. Partida s-a \u00eencheiat cu o victorie str\u00e2ns\u0103 [&hellip;]<\/p>\n","protected":false},"author":6,"featured_media":3947,"comment_status":"open","ping_status":"open","sticky":false,"template":"","format":"standard","meta":{"jnews-multi-image_gallery":[],"jnews_single_post":[],"jnews_primary_category":[],"jnews_override_counter":[],"footnotes":""},"categories":[46],"tags":[6266,595,1125,516,2565,102,6267,64],"class_list":["post-3946","post","type-post","status-publish","format-standard","has-post-thumbnail","hentry","category-sport","tag-6266","tag-aniversare","tag-cupa-campionilor-europeni","tag-dinamo-bucuresti","tag-eveniment-special","tag-liga-campionilor","tag-tska-moscova","tag-victorie"],"_links":{"self":[{"href":"https:\/\/www.newsrecorder.ro\/app\/wp-json\/wp\/v2\/posts\/3946","targetHints":{"allow":["GET"]}}],"collection":[{"href":"https:\/\/www.newsrecorder.ro\/app\/wp-json\/wp\/v2\/posts"}],"about":[{"href":"https:\/\/www.newsrecorder.ro\/app\/wp-json\/wp\/v2\/types\/post"}],"author":[{"embeddable":true,"href":"https:\/\/www.newsrecorder.ro\/app\/wp-json\/wp\/v2\/users\/6"}],"replies":[{"embeddable":true,"href":"https:\/\/www.newsrecorder.ro\/app\/wp-json\/wp\/v2\/comments?post=3946"}],"version-history":[{"count":0,"href":"https:\/\/www.newsrecorder.ro\/app\/wp-json\/wp\/v2\/posts\/3946\/revisions"}],"wp:featuredmedia":[{"embeddable":true,"href":"https:\/\/www.newsrecorder.ro\/app\/wp-json\/wp\/v2\/media\/3947"}],"wp:attachment":[{"href":"https:\/\/www.newsrecorder.ro\/app\/wp-json\/wp\/v2\/media?parent=3946"}],"wp:term":[{"taxonomy":"category","embeddable":true,"href":"https:\/\/www.newsrecorder.ro\/app\/wp-json\/wp\/v2\/categories?post=3946"},{"taxonomy":"post_tag","embeddable":true,"href":"https:\/\/www.newsrecorder.ro\/app\/wp-json\/wp\/v2\/tags?post=3946"}],"curies":[{"name":"wp","href":"https:\/\/api.w.org\/{rel}","templated":true}]}}