{"id":3958,"date":"2026-02-19T12:05:59","date_gmt":"2026-02-19T12:05:59","guid":{"rendered":"https:\/\/www.newsrecorder.ro\/app\/2026\/02\/19\/alerta-meteo-ploi-si-ninsori-afecteaza-intreaga-romanie-pana-duminica\/"},"modified":"2026-02-19T12:05:59","modified_gmt":"2026-02-19T12:05:59","slug":"alerta-meteo-ploi-si-ninsori-afecteaza-intreaga-romanie-pana-duminica","status":"publish","type":"post","link":"https:\/\/www.newsrecorder.ro\/app\/2026\/02\/19\/alerta-meteo-ploi-si-ninsori-afecteaza-intreaga-romanie-pana-duminica\/","title":{"rendered":"Alert\u0103 meteo: Ploi \u0219i ninsori afecteaz\u0103 \u00eentreaga Rom\u00e2nie p\u00e2n\u0103 duminic\u0103!"},"content":{"rendered":"<p><a href=\"https:\/\/www.meteoromania.ro\/\" target=\"_blank\" rel=\"noopener\">Administra\u021bia Na\u021bional\u0103 de Meteorologie (ANM)<\/a> a emis o avertizare pentru perioada vineri, ora 2:00, p\u00e2n\u0103 duminic\u0103, ora 10:00, anun\u021b\u00e2nd precipita\u021bii moderate, polei \u0219i ghe\u021bu\u0219. \u00cen plus, se a\u0219teapt\u0103 formarea unui <a href=\"https:\/\/www.mediafax.ro\/social\/alerta-la-4-20-dimineata-si-mii-de-comentarii-furioase-ce-spune-raed-arafat-23689533\">strat de z\u0103pad\u0103<\/a>, intensific\u0103ri ale v\u00e2ntului, viscol \u0219i o vreme rece.<\/p>\n<p>Ariile afectate de precipita\u021bii se vor extinde dinspre regiunile vestice, acoperind majoritatea teritoriului rom\u00e2nesc.<\/p>\n<p>\u00cen zonele Banat \u0219i Cri\u0219ana, predominant vor fi ploi, \u00een timp ce \u00een Moldova \u0219i la munte se vor \u00eenregistra ninsori. \u00cen restul \u021b\u0103rii, se vor observa precipita\u021bii mixte. Pe parcursul serii de vineri (20 februarie) \u0219i \u00een noaptea de vineri spre s\u00e2mb\u0103t\u0103 (20\/21 februarie), ninsorile vor fi cele care vor domni. Cantit\u0103\u021bile de ap\u0103 vor varia, local, \u00eentre 10 \u0219i 15 l\/mp, iar \u00een zone izolate, chiar \u0219i peste 20-25 l\/mp. De asemenea, pe suprafe\u021be restr\u00e2nse se va forma polei sau ghe\u021bu\u0219, iar stratul de z\u0103pad\u0103 va avea grosimi medii de 5-15 cm.<\/p>\n<p>\u00cen ziua de vineri (20 februarie), v\u00e2ntul va prezenta intensific\u0103ri temporare \u00een regiunile vestice \u0219i la munte, iar \u00eencep\u00e2nd cu orele amiezii \u0219i p\u00e2n\u0103 s\u00e2mb\u0103t\u0103 sear\u0103 (21 februarie), se va resim\u021bi \u0219i \u00een regiunile estice \u0219i sud-estice. Vitezele v\u00e2ntului vor fi, \u00een general, \u00eentre 40 \u0219i 55 km\/h, iar la altitudini mari, rafalele vor atinge 70-90 km\/h. Aceste condi\u021bii vor crea temporar viscol \u0219i vor reduce semnificativ vizibilitatea.<\/p>\n<p>Vremea de vineri (20 februarie) va fi rece \u00een Moldova \u0219i \u00een nord-estul Munteniei, cu temperaturi maxime cuprinse \u00eentre -3 \u0219i 2 grade Celsius.<\/p>\n<p>S\u00e2mb\u0103t\u0103 (21 februarie), se va \u00eenregistra o r\u0103cire generalizat\u0103 \u00een \u00eentreaga \u021bar\u0103, cu temperaturi maxime \u00eentre -6 \u0219i 4 grade. Minimele vor varia, \u00een general, \u00eentre -12 \u0219i -2 grade, iar \u00een special \u00een nordul Moldovei, se va resim\u021bi gerul.<\/p>\n","protected":false},"excerpt":{"rendered":"<p>Administra\u021bia Na\u021bional\u0103 de Meteorologie (ANM) a emis o avertizare pentru perioada vineri, ora 2:00, p\u00e2n\u0103 duminic\u0103, ora 10:00, anun\u021b\u00e2nd precipita\u021bii moderate, polei \u0219i ghe\u021bu\u0219. \u00cen plus, se a\u0219teapt\u0103 formarea unui strat de z\u0103pad\u0103, intensific\u0103ri ale v\u00e2ntului, viscol \u0219i o vreme rece. Ariile afectate de precipita\u021bii se vor extinde dinspre regiunile vestice, acoperind majoritatea teritoriului rom\u00e2nesc. [&hellip;]<\/p>\n","protected":false},"author":5,"featured_media":3959,"comment_status":"open","ping_status":"open","sticky":false,"template":"","format":"standard","meta":{"jnews-multi-image_gallery":[],"jnews_single_post":[],"jnews_primary_category":[],"jnews_override_counter":[],"footnotes":""},"categories":[45],"tags":[5970,1555,127,136,135,149,137,139],"class_list":["post-3958","post","type-post","status-publish","format-standard","has-post-thumbnail","hentry","category-meteo","tag-avertizare-meteo","tag-ghetus","tag-ninsori","tag-polei","tag-precipitatii","tag-romania","tag-vant","tag-vreme-rece"],"_links":{"self":[{"href":"https:\/\/www.newsrecorder.ro\/app\/wp-json\/wp\/v2\/posts\/3958","targetHints":{"allow":["GET"]}}],"collection":[{"href":"https:\/\/www.newsrecorder.ro\/app\/wp-json\/wp\/v2\/posts"}],"about":[{"href":"https:\/\/www.newsrecorder.ro\/app\/wp-json\/wp\/v2\/types\/post"}],"author":[{"embeddable":true,"href":"https:\/\/www.newsrecorder.ro\/app\/wp-json\/wp\/v2\/users\/5"}],"replies":[{"embeddable":true,"href":"https:\/\/www.newsrecorder.ro\/app\/wp-json\/wp\/v2\/comments?post=3958"}],"version-history":[{"count":0,"href":"https:\/\/www.newsrecorder.ro\/app\/wp-json\/wp\/v2\/posts\/3958\/revisions"}],"wp:featuredmedia":[{"embeddable":true,"href":"https:\/\/www.newsrecorder.ro\/app\/wp-json\/wp\/v2\/media\/3959"}],"wp:attachment":[{"href":"https:\/\/www.newsrecorder.ro\/app\/wp-json\/wp\/v2\/media?parent=3958"}],"wp:term":[{"taxonomy":"category","embeddable":true,"href":"https:\/\/www.newsrecorder.ro\/app\/wp-json\/wp\/v2\/categories?post=3958"},{"taxonomy":"post_tag","embeddable":true,"href":"https:\/\/www.newsrecorder.ro\/app\/wp-json\/wp\/v2\/tags?post=3958"}],"curies":[{"name":"wp","href":"https:\/\/api.w.org\/{rel}","templated":true}]}}