{"id":3964,"date":"2026-02-19T14:09:54","date_gmt":"2026-02-19T14:09:54","guid":{"rendered":"https:\/\/www.newsrecorder.ro\/app\/2026\/02\/19\/brancusi-adevarul-din-spatele-a-doua-mituri-demontate-de-ziua-sa\/"},"modified":"2026-02-19T14:09:54","modified_gmt":"2026-02-19T14:09:54","slug":"brancusi-adevarul-din-spatele-a-doua-mituri-demontate-de-ziua-sa","status":"publish","type":"post","link":"https:\/\/www.newsrecorder.ro\/app\/2026\/02\/19\/brancusi-adevarul-din-spatele-a-doua-mituri-demontate-de-ziua-sa\/","title":{"rendered":"Br\u00e2ncu\u0219i: Adev\u0103rul din spatele a dou\u0103 mituri demontate de ziua sa!"},"content":{"rendered":"<p>Ast\u0103zi celebr\u0103m 150 de ani de la na\u0219terea lui Constantin Br\u00e2ncu\u0219i, un titan al sculpturii rom\u00e2ne\u0219ti \u0219i mondiale, \u0219i este momentul potrivit pentru a aduce un omagiu adev\u0103rat Maestrului. \u00cens\u0103, \u00een loc s\u0103 ne l\u0103s\u0103m purta\u021bi de mituri, haide\u021bi s\u0103 le demont\u0103m \u00eempreun\u0103.<\/p>\n<p>Primul mit pe care trebuie s\u0103-l clarific\u0103m este cel legat de c\u0103l\u0103toria lui Br\u00e2ncu\u0219i spre Paris \u00een 1904. Contrar legendelor care circul\u0103, Br\u00e2ncu\u0219i nu a mers pe jos 2000 de kilometri p\u00e2n\u0103 \u00een capitala Fran\u021bei. Aceast\u0103 idee a fost contestat\u0103 cu fermitate de scriitorul \u0219i jurnalistul Dan Alexe, care a explicat \u00een detaliu adev\u0103rul din spatele acestei pove\u0219ti.<\/p>\n<p>\u201eBr\u00e2ncu\u0219i a parcurs o mare parte din traseu cu trenul, iar acest lucru demonstreaz\u0103 c\u00e2t de bine \u0219tia s\u0103-\u0219i construiasc\u0103 legenda\u201d, afirm\u0103 Alexe. El subliniaz\u0103 c\u0103 artistul a \u00eenceput s\u0103 se fotografieze \u00een diverse ipostaze, precum pelerin sau sp\u0103l\u0103tor de vase, \u00eenainte de a \u00eenv\u0103\u021ba s\u0103 fac\u0103 fotografii singur, dup\u0103 ce a primit c\u00e2teva sfaturi de la cunoscutul fotograf Man Ray.<\/p>\n<p>Un alt argument adus de Alexe se bazeaz\u0103 pe orarul trenurilor din 1904. \u201eOrient Express avea o curs\u0103 zilnic\u0103, care f\u0103cea exact 24 de ore \u00eentre Viena \u0219i Paris. A\u0219adar, nu a fost vorba despre un an de zile, ci despre o c\u0103l\u0103torie care putea fi realizat\u0103 \u00een doar o zi\u201d, explic\u0103 el.<\/p>\n<p>De asemenea, Dan Alexe face o analiz\u0103 economic\u0103 a afirma\u021biei c\u0103 Br\u00e2ncu\u0219i ar fi mers pe jos din cauza s\u0103r\u0103ciei. Potrivit acestuia, costurile pentru a c\u0103l\u0103tori pe jos timp de un an ar fi fost mult mai mari dec\u00e2t cele necesare pentru a lua trenul. \u201eUn s\u0103rman nu \u00ee\u0219i poate permite s\u0103 c\u0103l\u0103toreasc\u0103 pe jos timp de un an, deoarece trebuie s\u0103 g\u0103seasc\u0103 de m\u00e2ncare \u00een fiecare zi, ceea ce ar implica mult mai mult efort \u0219i resurse\u201d, adaug\u0103 el.<\/p>\n<p>Un alt mit care persist\u0103 este celebrul citat atribuit lui Br\u00e2ncu\u0219i: \u201eV-am l\u0103sat s\u0103raci \u0219i pro\u0219ti, v\u0103 g\u0103sesc \u0219i mai s\u0103raci, \u0219i mai pro\u0219ti!\u201d Dan Alexe contest\u0103 veridicitatea acestei afirma\u021bii, spun\u00e2nd c\u0103 nu exist\u0103 nicio surs\u0103 care s\u0103 o confirme. \u201eEste mult mai romantic s\u0103 ne imagin\u0103m un Br\u00e2ncu\u0219i descul\u021b \u0219i s\u0103r\u0103cit, dar adev\u0103rul este c\u0103 el nu a spus niciodat\u0103 aceste cuvinte rom\u00e2nilor\u201d, afirm\u0103 Alexe.<\/p>\n<p>\u00cen concluzie, Br\u00e2ncu\u0219i a fost un artist complex, care \u0219tia s\u0103 creeze o imagine de sine captivant\u0103, dar este important s\u0103 ne \u00eentoarcem la faptele istorice \u0219i s\u0103 demont\u0103m miturile care \u00eel \u00eenconjoar\u0103. Astfel, putem onora cu adev\u0103rat mo\u0219tenirea sa artistic\u0103 \u0219i contribu\u021bia sa la cultura rom\u00e2neasc\u0103 \u0219i mondial\u0103.<\/p>\n","protected":false},"excerpt":{"rendered":"<p>Ast\u0103zi celebr\u0103m 150 de ani de la na\u0219terea lui Constantin Br\u00e2ncu\u0219i, un titan al sculpturii rom\u00e2ne\u0219ti \u0219i mondiale, \u0219i este momentul potrivit pentru a aduce un omagiu adev\u0103rat Maestrului. \u00cens\u0103, \u00een loc s\u0103 ne l\u0103s\u0103m purta\u021bi de mituri, haide\u021bi s\u0103 le demont\u0103m \u00eempreun\u0103. Primul mit pe care trebuie s\u0103-l clarific\u0103m este cel legat de c\u0103l\u0103toria [&hellip;]<\/p>\n","protected":false},"author":7,"featured_media":3965,"comment_status":"open","ping_status":"open","sticky":false,"template":"","format":"standard","meta":{"jnews-multi-image_gallery":[],"jnews_single_post":[],"jnews_primary_category":[],"jnews_override_counter":[],"footnotes":""},"categories":[43],"tags":[595,1485,5278,6299,6300,6298,2440,1616],"class_list":["post-3964","post","type-post","status-publish","format-standard","has-post-thumbnail","hentry","category-cultura","tag-aniversare","tag-artist","tag-constantin-brancusi","tag-dan-alexe","tag-legenda","tag-mituri","tag-paris","tag-sculptura"],"_links":{"self":[{"href":"https:\/\/www.newsrecorder.ro\/app\/wp-json\/wp\/v2\/posts\/3964","targetHints":{"allow":["GET"]}}],"collection":[{"href":"https:\/\/www.newsrecorder.ro\/app\/wp-json\/wp\/v2\/posts"}],"about":[{"href":"https:\/\/www.newsrecorder.ro\/app\/wp-json\/wp\/v2\/types\/post"}],"author":[{"embeddable":true,"href":"https:\/\/www.newsrecorder.ro\/app\/wp-json\/wp\/v2\/users\/7"}],"replies":[{"embeddable":true,"href":"https:\/\/www.newsrecorder.ro\/app\/wp-json\/wp\/v2\/comments?post=3964"}],"version-history":[{"count":0,"href":"https:\/\/www.newsrecorder.ro\/app\/wp-json\/wp\/v2\/posts\/3964\/revisions"}],"wp:featuredmedia":[{"embeddable":true,"href":"https:\/\/www.newsrecorder.ro\/app\/wp-json\/wp\/v2\/media\/3965"}],"wp:attachment":[{"href":"https:\/\/www.newsrecorder.ro\/app\/wp-json\/wp\/v2\/media?parent=3964"}],"wp:term":[{"taxonomy":"category","embeddable":true,"href":"https:\/\/www.newsrecorder.ro\/app\/wp-json\/wp\/v2\/categories?post=3964"},{"taxonomy":"post_tag","embeddable":true,"href":"https:\/\/www.newsrecorder.ro\/app\/wp-json\/wp\/v2\/tags?post=3964"}],"curies":[{"name":"wp","href":"https:\/\/api.w.org\/{rel}","templated":true}]}}