{"id":3966,"date":"2026-02-19T14:10:18","date_gmt":"2026-02-19T14:10:18","guid":{"rendered":"https:\/\/www.newsrecorder.ro\/app\/2026\/02\/19\/u2-lanseaza-ep-ul-days-of-ash-un-strigat-impotriva-violentei\/"},"modified":"2026-02-19T14:10:18","modified_gmt":"2026-02-19T14:10:18","slug":"u2-lanseaza-ep-ul-days-of-ash-un-strigat-impotriva-violentei","status":"publish","type":"post","link":"https:\/\/www.newsrecorder.ro\/app\/2026\/02\/19\/u2-lanseaza-ep-ul-days-of-ash-un-strigat-impotriva-violentei\/","title":{"rendered":"U2 lanseaz\u0103 EP-ul \u201eDays of Ash\u201d: un strig\u0103t \u00eempotriva violen\u021bei!"},"content":{"rendered":"<p>U2 a f\u0103cut o revenire surpriz\u0103 \u00een scena muzical\u0103 cu lansarea unui nou EP intitulat \u201eDays of Ash\u201d. Membrii trupei au descris acest material ca fiind o colec\u021bie de \u201ec\u00e2ntece de sfidare\u201d, inspirate de violen\u021bele \u0219i tensiunile globale recente. EP-ul con\u021bine \u0219ase piese ce abordeaz\u0103 teme socio-politice importante, inclusiv o melodie dedicat\u0103 \u00eempu\u0219c\u0103turilor din Minneapolis, unde doi civili \u0219i-au pierdut via\u021ba \u00een urma interven\u021biei agen\u021bilor americani de imigra\u021bie (ICE), conform unui articol publicat de <a href=\"https:\/\/www.euronews.com\/culture\/2026\/02\/19\/days-of-ash-u2-surprise-drop-six-songs-of-defiance-one-in-response-to-ice-shootings\" target=\"_blank\" rel=\"noopener\">Euronews<\/a>.<\/p>\n<p>\u00centr-o perioad\u0103 \u00een care Bruce Springsteen a lansat, de asemenea, o pies\u0103 de protest \u00een memoria victimelor acestor evenimente, U2 \u00ee\u0219i reafirm\u0103 pozi\u021bia prin muzic\u0103.<\/p>\n<p><strong>Melodia care a st\u00e2rnit controverse: \u201eAmerican Obituary\u201d<\/strong><\/p>\n<p>Piesa de deschidere, \u201eAmerican Obituary\u201d, reinterpreteaz\u0103 povestea tragic\u0103 a lui Renee Good, care a fost \u00eempu\u0219cat\u0103 pe 7 ianuarie \u00een Minneapolis de c\u0103tre un agent ICE. Versurile piesei fac referire direct\u0103 la acest tragic incident \u0219i sunt pline de simbolism vizual profund.<\/p>\n<p>Videoclipul piesei amplific\u0103 mesajul: Statuia Libert\u0103\u021bii este prezentat\u0103 cu ochii acoperi\u021bi de cuv\u00e2ntul \u201eREDACTED\u201d, fiind acompaniat\u0103 de imagini cu protestatari \u0219i graffiti ce con\u021bine mesajul \u201eAmerica Wake Up\u201d. \u00centr-o secven\u021b\u0103 memorabil\u0103, statuia poart\u0103 o cravat\u0103 ro\u0219ie supradimensionat\u0103, un simbol asociat cu fostul pre\u0219edinte american Donald Trump.<\/p>\n<p><strong>Piese ce abordeaz\u0103 conflicte globale<\/strong><\/p>\n<p>Celelalte melodii din EP exploreaz\u0103 subiecte precum compasiunea \u00een fa\u021ba violen\u021bei, cum este \u201eThe Tears Of Things\u201d, \u0219i sacrificiul \u00een r\u0103zboi. De exemplu, \u201eSong of the Future\u201d este un omagiu adus Sarinei Esmailzadeh, adolescenta iranian\u0103 care a fost ucis\u0103 \u00een urma protestelor mi\u0219c\u0103rii \u201eWoman, Life, Freedom\u201d din 2022.<\/p>\n<p>\u00cen piesa \u201eOne Life At A Time\u201d, U2 aduce \u00een prim-plan decesul unui profesor palestinian din Cisiordania, \u00een timp ce \u201eWildpeace\u201d se inspir\u0103 dintr-un poem al poetului israelian Yehuda Amichai.<\/p>\n<p>EP-ul se \u00eencheie cu \u201eYours Eternally\u201d, o colaborare cu Ed Sheeran \u0219i muzicianul ucrainean Taras Topolia, care a devenit soldat. Aceast\u0103 melodie este conceput\u0103 ca o scrisoare din tran\u0219ee \u0219i va fi \u00eenso\u021bit\u0103 de un scurt documentar, programat pentru lansare pe 24 februarie, marc\u00e2nd patru ani de la invazia Rusiei \u00een Ucraina.<\/p>\n<p><strong>Bono: \u201eAceste c\u00e2ntece nu puteau a\u0219tepta\u201d<\/strong><\/p>\n<p>\u00centr-un comunicat oficial, solistul Bono a declarat c\u0103 piesele \u201enu puteau a\u0219tepta\u201d \u0219i sunt \u201ec\u00e2ntece de sfidare, de revolt\u0103 \u0219i lamenta\u021bie\u201d, descriind perioada actual\u0103 ca fiind \u201enebun\u0103 \u0219i dezumanizant\u0103\u201d.<\/p>\n<p>Artistul a confirmat, de asemenea, c\u0103 un album complet va fi lansat mai t\u00e2rziu \u00een 2026.<\/p>\n<p><strong>Muzica de protest redevine un punct central<\/strong><\/p>\n<p>Cu \u201eDays of Ash\u201d, U2 se al\u0103tur\u0103 unui val de arti\u0219ti care folosesc muzica ca platform\u0103 pentru reac\u021bii civice \u0219i politice. \u00cen contextul protestelor generate de incidentele din Minneapolis \u0219i al tensiunilor geopolitice cresc\u00e2nde, acest EP reprezint\u0103 una dintre cele mai clare declara\u021bii publice ale trupei din ultimii ani.<\/p>\n<p>Materialul a fost lansat \u00eempreun\u0103 cu o edi\u021bie special\u0103 a fanzinului istoric al trupei, Propaganda, care include interviuri exclusive \u0219i detalii din culisele acestui proiect muzical.<\/p>\n","protected":false},"excerpt":{"rendered":"<p>U2 a f\u0103cut o revenire surpriz\u0103 \u00een scena muzical\u0103 cu lansarea unui nou EP intitulat \u201eDays of Ash\u201d. Membrii trupei au descris acest material ca fiind o colec\u021bie de \u201ec\u00e2ntece de sfidare\u201d, inspirate de violen\u021bele \u0219i tensiunile globale recente. EP-ul con\u021bine \u0219ase piese ce abordeaz\u0103 teme socio-politice importante, inclusiv o melodie dedicat\u0103 \u00eempu\u0219c\u0103turilor din Minneapolis, [&hellip;]<\/p>\n","protected":false},"author":7,"featured_media":3967,"comment_status":"open","ping_status":"open","sticky":false,"template":"","format":"standard","meta":{"jnews-multi-image_gallery":[],"jnews_single_post":[],"jnews_primary_category":[],"jnews_override_counter":[],"footnotes":""},"categories":[43],"tags":[6305,6302,6303,271,270,6306,6304,6301],"class_list":["post-3966","post","type-post","status-publish","format-standard","has-post-thumbnail","hentry","category-cultura","tag-american-obituary","tag-days-of-ash","tag-ep","tag-muzica","tag-protest","tag-renee-good","tag-socio-politic","tag-u2"],"_links":{"self":[{"href":"https:\/\/www.newsrecorder.ro\/app\/wp-json\/wp\/v2\/posts\/3966","targetHints":{"allow":["GET"]}}],"collection":[{"href":"https:\/\/www.newsrecorder.ro\/app\/wp-json\/wp\/v2\/posts"}],"about":[{"href":"https:\/\/www.newsrecorder.ro\/app\/wp-json\/wp\/v2\/types\/post"}],"author":[{"embeddable":true,"href":"https:\/\/www.newsrecorder.ro\/app\/wp-json\/wp\/v2\/users\/7"}],"replies":[{"embeddable":true,"href":"https:\/\/www.newsrecorder.ro\/app\/wp-json\/wp\/v2\/comments?post=3966"}],"version-history":[{"count":0,"href":"https:\/\/www.newsrecorder.ro\/app\/wp-json\/wp\/v2\/posts\/3966\/revisions"}],"wp:featuredmedia":[{"embeddable":true,"href":"https:\/\/www.newsrecorder.ro\/app\/wp-json\/wp\/v2\/media\/3967"}],"wp:attachment":[{"href":"https:\/\/www.newsrecorder.ro\/app\/wp-json\/wp\/v2\/media?parent=3966"}],"wp:term":[{"taxonomy":"category","embeddable":true,"href":"https:\/\/www.newsrecorder.ro\/app\/wp-json\/wp\/v2\/categories?post=3966"},{"taxonomy":"post_tag","embeddable":true,"href":"https:\/\/www.newsrecorder.ro\/app\/wp-json\/wp\/v2\/tags?post=3966"}],"curies":[{"name":"wp","href":"https:\/\/api.w.org\/{rel}","templated":true}]}}