{"id":3976,"date":"2026-02-19T14:11:51","date_gmt":"2026-02-19T14:11:51","guid":{"rendered":"https:\/\/www.newsrecorder.ro\/app\/2026\/02\/19\/pislaru-bruxelles-ul-raspunde-rapid-la-cererea-de-plata-3-a-guvernului\/"},"modified":"2026-02-19T14:11:51","modified_gmt":"2026-02-19T14:11:51","slug":"pislaru-bruxelles-ul-raspunde-rapid-la-cererea-de-plata-3-a-guvernului","status":"publish","type":"post","link":"https:\/\/www.newsrecorder.ro\/app\/2026\/02\/19\/pislaru-bruxelles-ul-raspunde-rapid-la-cererea-de-plata-3-a-guvernului\/","title":{"rendered":"P\u00eeslaru: Bruxelles-ul r\u0103spunde rapid la cererea de plat\u0103 3 a Guvernului!"},"content":{"rendered":"<p>\u00cen cadrul unei recente conferin\u021be de pres\u0103, ministrul Investi\u021biilor, Marius P\u00eeslaru, a fost \u00eentrebat despre momentul \u00een care ar putea fi primit\u0103 scrisoarea oficial\u0103 din partea Comisiei Europene referitoare la cererea de plat\u0103 a Rom\u00e2niei. P\u00eeslaru a subliniat c\u0103 Executivul a notificat deja institu\u021biile europene cu privire la evolu\u021biile recente, inclusiv decizia Cur\u021bii Constitu\u021bionale, \u0219i a detaliat pa\u0219ii pe care Rom\u00e2nia \u00eei va urma pentru a demonstra \u00eendeplinirea jalonului referitor la pensiile magistra\u021bilor.<\/p>\n<p>\u201eAm avut o comunicare informal\u0103 \u0219i tehnic\u0103 cu Comisia European\u0103, \u00een care am semnalat aceast\u0103 evolu\u021bie. I-am informat \u0219i despre demersurile pe care le vom preg\u0103ti\u201d, a declarat ministrul. El a ad\u0103ugat c\u0103, odat\u0103 ce legea va fi promulgat\u0103 \u0219i publicat\u0103 \u00een Monitorul Oficial, documenta\u021bia actualizat\u0103 va fi retransmis\u0103 prin sistemul oficial de schimb de informa\u021bii cu Comisia European\u0103, \u00eenso\u021bit\u0103 de o scrisoare explicativ\u0103.<\/p>\n<p>P\u00eeslaru a men\u021bionat c\u0103 Guvernul va oferi \u201eo nou\u0103 lumin\u0103\u201d asupra cererii de plat\u0103 num\u0103rul 3, demonstr\u00e2nd modul \u00een care Rom\u00e2nia \u0219i-a \u00eendeplinit obliga\u021biile asumate prin Planul Na\u021bional de Redresare \u0219i Rezilien\u021b\u0103 (PNRR). \u201eReac\u021bia Comisiei depinde \u00een mod evident de proactivitatea noastr\u0103. Este o confirmare a muncii profesioniste depuse pe acest subiect\u201d, a explicat el.<\/p>\n<p>\u00cen ceea ce prive\u0219te declara\u021biile premierului referitoare la o posibil\u0103 revizuire a pensiilor militarilor \u0219i poli\u021bi\u0219tilor, P\u00eeslaru a clarificat c\u0103 acest subiect nu intr\u0103 \u00een sfera sa de competen\u021b\u0103. Totu\u0219i, el a subliniat c\u0103, din perspectiva PNRR, problema apare doar \u00een cazul \u00een care un jalon nu este respectat, nu atunci c\u00e2nd autorit\u0103\u021bile \u00ee\u0219i asum\u0103 obiective mai ambi\u021bioase dec\u00e2t cele stabilite ini\u021bial.<\/p>\n<p>\u201eDe fiecare dat\u0103 c\u00e2nd ai o ambi\u021bie mai mare dec\u00e2t jalonul, nu este nicio problem\u0103. Problema intervine atunci c\u00e2nd nu respec\u021bi ceea ce era prev\u0103zut \u00een jalon\u201d, a explicat P\u00eeslaru, ad\u0103ug\u00e2nd c\u0103 premierul \u0219i mini\u0219trii vor oferi informa\u021bii suplimentare la momentul potrivit.<\/p>\n<p>\u00cen \u00eencheiere, ministrul a clarificat de ce pensiile magistra\u021bilor se afl\u0103 \u00een aria sa de responsabilitate, \u00een contrast cu cele ale militarilor. \u201eManagementul jalonelor \u00een rela\u021bia cu Comisia European\u0103 \u021bine direct de responsabilitatea coordonatorului na\u021bional. Jalonul privind pensiile magistra\u021bilor este foarte clar definit \u0219i este obliga\u021bia mea s\u0103 m\u0103 asigur c\u0103 acesta este respectat\u201d, a concluzionat P\u00eeslaru.<\/p>\n","protected":false},"excerpt":{"rendered":"<p>\u00cen cadrul unei recente conferin\u021be de pres\u0103, ministrul Investi\u021biilor, Marius P\u00eeslaru, a fost \u00eentrebat despre momentul \u00een care ar putea fi primit\u0103 scrisoarea oficial\u0103 din partea Comisiei Europene referitoare la cererea de plat\u0103 a Rom\u00e2niei. P\u00eeslaru a subliniat c\u0103 Executivul a notificat deja institu\u021biile europene cu privire la evolu\u021biile recente, inclusiv decizia Cur\u021bii Constitu\u021bionale, \u0219i [&hellip;]<\/p>\n","protected":false},"author":2,"featured_media":3977,"comment_status":"open","ping_status":"open","sticky":false,"template":"","format":"standard","meta":{"jnews-multi-image_gallery":[],"jnews_single_post":[],"jnews_primary_category":[],"jnews_override_counter":[],"footnotes":""},"categories":[42],"tags":[499,2246,420,6319,4674,6320,5872,6321],"class_list":["post-3976","post","type-post","status-publish","format-standard","has-post-thumbnail","hentry","category-politica","tag-comisia-europeana","tag-curtea-constitutionala","tag-investitii","tag-marius-pislaru","tag-monitorul-oficial","tag-notificare","tag-pensii-magistrati","tag-scrisoare-oficiala"],"_links":{"self":[{"href":"https:\/\/www.newsrecorder.ro\/app\/wp-json\/wp\/v2\/posts\/3976","targetHints":{"allow":["GET"]}}],"collection":[{"href":"https:\/\/www.newsrecorder.ro\/app\/wp-json\/wp\/v2\/posts"}],"about":[{"href":"https:\/\/www.newsrecorder.ro\/app\/wp-json\/wp\/v2\/types\/post"}],"author":[{"embeddable":true,"href":"https:\/\/www.newsrecorder.ro\/app\/wp-json\/wp\/v2\/users\/2"}],"replies":[{"embeddable":true,"href":"https:\/\/www.newsrecorder.ro\/app\/wp-json\/wp\/v2\/comments?post=3976"}],"version-history":[{"count":0,"href":"https:\/\/www.newsrecorder.ro\/app\/wp-json\/wp\/v2\/posts\/3976\/revisions"}],"wp:featuredmedia":[{"embeddable":true,"href":"https:\/\/www.newsrecorder.ro\/app\/wp-json\/wp\/v2\/media\/3977"}],"wp:attachment":[{"href":"https:\/\/www.newsrecorder.ro\/app\/wp-json\/wp\/v2\/media?parent=3976"}],"wp:term":[{"taxonomy":"category","embeddable":true,"href":"https:\/\/www.newsrecorder.ro\/app\/wp-json\/wp\/v2\/categories?post=3976"},{"taxonomy":"post_tag","embeddable":true,"href":"https:\/\/www.newsrecorder.ro\/app\/wp-json\/wp\/v2\/tags?post=3976"}],"curies":[{"name":"wp","href":"https:\/\/api.w.org\/{rel}","templated":true}]}}