{"id":3982,"date":"2026-02-19T14:12:47","date_gmt":"2026-02-19T14:12:47","guid":{"rendered":"https:\/\/www.newsrecorder.ro\/app\/2026\/02\/19\/nicusor-dan-invitat-de-trump-la-debutul-consiliului-pacii\/"},"modified":"2026-02-19T14:12:47","modified_gmt":"2026-02-19T14:12:47","slug":"nicusor-dan-invitat-de-trump-la-debutul-consiliului-pacii","status":"publish","type":"post","link":"https:\/\/www.newsrecorder.ro\/app\/2026\/02\/19\/nicusor-dan-invitat-de-trump-la-debutul-consiliului-pacii\/","title":{"rendered":"Nicu\u0219or Dan, invitat de Trump la debutul Consiliului P\u0103cii!"},"content":{"rendered":"<p><strong>UPDATE Lista interven\u021biilor<\/strong><\/p>\n<p><strong>\u0218tirea ini\u021bial\u0103:<\/strong> Reuniunea Consiliului pentru Pace, \u00een cadrul c\u0103reia Rom\u00e2nia va fi reprezentat\u0103 de pre\u0219edinte \u00een calitate de observator, se va desf\u0103\u0219ura joi, la Washington DC.<\/p>\n<p>Pre\u0219edintele Statelor Unite, Donald Trump, a anun\u021bat c\u0103 la aceast\u0103 reuniune se vor al\u0103tura \u201ecei mai mari lideri din lume\u201d. Evenimentul va avea loc la sediul Institutului pentru Pace din Washington, D.C.<\/p>\n<p>Dup\u0103 primirea invita\u021biei de a participa la aceast\u0103 \u00eent\u00e2lnire, pre\u0219edintele Rom\u00e2niei, Nicu\u0219or Dan, a solicitat clarific\u0103ri suplimentare referitoare la rolul unui stat observator, care nu este membru, dar care rezoneaz\u0103 cu obiectivele organiza\u021biei. Aceasta a fost o tem\u0103 central\u0103 \u00een discu\u021biile cu partea american\u0103.<\/p>\n<p>\u00cen urma acestor conversa\u021bii, pre\u0219edintele Rom\u00e2niei a \u00een\u021beles ce presupune statutul de observator la aceast\u0103 reuniune, consider\u00e2nd c\u0103 participarea \u00een aceast\u0103 calitate este benefic\u0103 pentru Rom\u00e2nia, a declarat Nicu\u0219or Dan la Radio Rom\u00e2nia Actualit\u0103\u021bi.<\/p>\n<p>\u00centrebat despre semnifica\u021bia rolului de observator, Dan a explicat c\u0103 \u201eai un cuv\u00e2nt de spus acolo, po\u021bi contribui \u00een direc\u021bia \u00een care se \u00eendreapt\u0103 aceast\u0103 organiza\u021bie\u201d.<\/p>\n<p>La aceast\u0103 prim\u0103 reuniune a Consiliului P\u0103cii, discu\u021biile se vor concentra exclusiv pe situa\u021bia din Gaza, de\u0219i \u201echestiunile interna\u021bionale sunt interconectate \u00eentr-o mai mare sau mai mic\u0103 m\u0103sur\u0103\u201d.<\/p>\n<p>\u201eSuntem interesa\u021bi de un context interna\u021bional de pace \u00een toate col\u021burile lumii. De asemenea, dorim s\u0103 ne men\u021binem leg\u0103tura privilegiat\u0103 cu Statele Unite, un pilon esen\u021bial de securitate pentru Rom\u00e2nia. Particip\u0103m, a\u0219adar, la aceast\u0103 ini\u021biativ\u0103 ini\u021biat\u0103 de Statele Unite, care vizeaz\u0103 stabilizarea unei zone a Orientului Mijlociu de o importan\u021b\u0103 major\u0103 \u00een economia global\u0103\u201d, a subliniat Dan.<\/p>\n<p>Referitor la obiectivele Rom\u00e2niei pentru aceast\u0103 \u00eent\u00e2lnire, Nicu\u0219or Dan a men\u021bionat c\u0103 exist\u0103 un acord de \u00eencetare a focului \u0219i o rezolu\u021bie a ONU care ofer\u0103 orient\u0103ri cu privire la viitorul Gaza \u0219i al regiunii. \u201eMergem la o discu\u021bie pentru a analiza urm\u0103torii pa\u0219i, fie c\u0103 ne referim la aspecte umanitare, la for\u021bele de poli\u021bie interne sau, pe termen lung, la for\u021bele interna\u021bionale de men\u021binere a p\u0103cii\u201d, a ad\u0103ugat el.<\/p>\n","protected":false},"excerpt":{"rendered":"<p>UPDATE Lista interven\u021biilor \u0218tirea ini\u021bial\u0103: Reuniunea Consiliului pentru Pace, \u00een cadrul c\u0103reia Rom\u00e2nia va fi reprezentat\u0103 de pre\u0219edinte \u00een calitate de observator, se va desf\u0103\u0219ura joi, la Washington DC. Pre\u0219edintele Statelor Unite, Donald Trump, a anun\u021bat c\u0103 la aceast\u0103 reuniune se vor al\u0103tura \u201ecei mai mari lideri din lume\u201d. Evenimentul va avea loc la sediul [&hellip;]<\/p>\n","protected":false},"author":2,"featured_media":3983,"comment_status":"open","ping_status":"open","sticky":false,"template":"","format":"standard","meta":{"jnews-multi-image_gallery":[],"jnews_single_post":[],"jnews_primary_category":[],"jnews_override_counter":[],"footnotes":""},"categories":[42],"tags":[315,6324,286,5430,2172,4280,149,2429],"class_list":["post-3982","post","type-post","status-publish","format-standard","has-post-thumbnail","hentry","category-politica","tag-consiliul-pentru-pace","tag-lideri-mondial","tag-nicusor-dan","tag-observator","tag-presedinte","tag-reuniune","tag-romania","tag-washington-dc"],"_links":{"self":[{"href":"https:\/\/www.newsrecorder.ro\/app\/wp-json\/wp\/v2\/posts\/3982","targetHints":{"allow":["GET"]}}],"collection":[{"href":"https:\/\/www.newsrecorder.ro\/app\/wp-json\/wp\/v2\/posts"}],"about":[{"href":"https:\/\/www.newsrecorder.ro\/app\/wp-json\/wp\/v2\/types\/post"}],"author":[{"embeddable":true,"href":"https:\/\/www.newsrecorder.ro\/app\/wp-json\/wp\/v2\/users\/2"}],"replies":[{"embeddable":true,"href":"https:\/\/www.newsrecorder.ro\/app\/wp-json\/wp\/v2\/comments?post=3982"}],"version-history":[{"count":0,"href":"https:\/\/www.newsrecorder.ro\/app\/wp-json\/wp\/v2\/posts\/3982\/revisions"}],"wp:featuredmedia":[{"embeddable":true,"href":"https:\/\/www.newsrecorder.ro\/app\/wp-json\/wp\/v2\/media\/3983"}],"wp:attachment":[{"href":"https:\/\/www.newsrecorder.ro\/app\/wp-json\/wp\/v2\/media?parent=3982"}],"wp:term":[{"taxonomy":"category","embeddable":true,"href":"https:\/\/www.newsrecorder.ro\/app\/wp-json\/wp\/v2\/categories?post=3982"},{"taxonomy":"post_tag","embeddable":true,"href":"https:\/\/www.newsrecorder.ro\/app\/wp-json\/wp\/v2\/tags?post=3982"}],"curies":[{"name":"wp","href":"https:\/\/api.w.org\/{rel}","templated":true}]}}