{"id":3988,"date":"2026-02-19T14:55:42","date_gmt":"2026-02-19T14:55:42","guid":{"rendered":"https:\/\/www.newsrecorder.ro\/app\/2026\/02\/19\/fostul-print-andrew-retinut-in-marea-britanie-regele-charles-intervine\/"},"modified":"2026-02-19T14:55:42","modified_gmt":"2026-02-19T14:55:42","slug":"fostul-print-andrew-retinut-in-marea-britanie-regele-charles-intervine","status":"publish","type":"post","link":"https:\/\/www.newsrecorder.ro\/app\/2026\/02\/19\/fostul-print-andrew-retinut-in-marea-britanie-regele-charles-intervine\/","title":{"rendered":"Fostul prin\u021b Andrew re\u021binut \u00een Marea Britanie: Regele Charles intervine!"},"content":{"rendered":"<p>Regele Charles a emis primul s\u0103u mesaj oficial dup\u0103 arestarea lui Andrew Mountbatten-Windsor, subliniind importan\u021ba ca autorit\u0103\u021bile s\u0103 desf\u0103\u0219oare ancheta f\u0103r\u0103 interferen\u021be \u0219i s\u0103 aplice legea \u00een mod integral.<\/p>\n<p>\u00centr-o declara\u021bie f\u0103cut\u0103 public\u0103 la ora 14:01, monarhul britanic a exprimat \u201ecea mai profund\u0103 \u00eengrijorare\u201d fa\u021b\u0103 de suspiciunile legate de posibile fapte de \u201emisconduct in public office\u201d (abuz \u00een exercitarea unei func\u021bii publice).<\/p>\n<p>\u00cen mesajul s\u0103u, regele Charles a afirmat:<\/p>\n<p>\u201eCeea ce urmeaz\u0103 acum este un proces complet, corect \u0219i adecvat prin care aceast\u0103 chestiune va fi investigat\u0103 corespunz\u0103tor de c\u0103tre autorit\u0103\u021bile competente.<\/p>\n<p>\u00cen aceast\u0103 privin\u021b\u0103, av\u00e2nd \u00een vedere cele afirmate anterior, ele se bucur\u0103 de sprijinul \u0219i cooperarea noastr\u0103 deplin\u0103 \u0219i necondi\u021bionat\u0103.<\/p>\n<p>Permite\u021bi-mi s\u0103 subliniez cu t\u0103rie: legea trebuie s\u0103 \u00ee\u0219i urmeze cursul.\u201d<\/p>\n<p>De asemenea, regele a men\u021bionat c\u0103 nu va face alte comentarii pe parcursul procedurii, invoc\u00e2nd necesitatea respect\u0103rii procesului legal. \u00cen \u00eencheiere, el a afirmat c\u0103 el \u0219i familia sa \u201evor continua s\u0103 \u00ee\u0219i \u00eendeplineasc\u0103 datoria \u0219i serviciul fa\u021b\u0103 de cet\u0103\u021beni\u201d.<\/p>\n<p>Analistul \u00een domeniul poli\u021biei, Danny Shaw, citat de BBC Radio 5 Live, a declarat c\u0103 Andrew Mountbatten-Windsor poate fi re\u021binut pentru o perioad\u0103 maxim\u0103 de 96 de ore, \u00eens\u0103 acest lucru ar necesita mai multe prelungiri aprobate de ofi\u021beri superiori de poli\u021bie \u0219i de o instan\u021b\u0103 de tip Magistrates\u2019 Court.<\/p>\n<p>\u00cen majoritatea cazurilor, suspec\u021bii sunt re\u021binu\u021bi pentru 12 sau 24 de ore, dup\u0103 care sunt fie pu\u0219i sub acuzare, fie elibera\u021bi \u00een a\u0219teptarea continu\u0103rii investiga\u021biei.<\/p>\n<p>Conform acelea\u0219i surse, fostul prin\u021b va fi plasat \u201e\u00eentr-o celul\u0103 dintr-un centru de re\u021binere\u201d, care este dotat\u0103 doar cu un pat \u0219i o toalet\u0103, unde va a\u0219tepta s\u0103 fie audiat de c\u0103tre anchetatori. \u201eNu va exista niciun tratament special pentru el\u201d, a precizat Shaw.<\/p>\n<p>P\u00e2n\u0103 la acest moment, detalii despre ora arest\u0103rii \u0219i loca\u021bia exact\u0103 unde este re\u021binut Andrew Mountbatten-Windsor nu au fost f\u0103cute publice.<\/p>\n<p>Este demn de men\u021bionat c\u0103 arestarea lui Andrew Mountbatten-Windsor a avut loc \u00een ziua \u00een care acesta \u00eempline\u0219te 66 de ani.<\/p>\n<p>\u00centr-un comunicat emis miercuri la pr\u00e2nz, Thames Valley Police a declarat:<\/p>\n<p>\u201eCa parte a investiga\u021biei, ast\u0103zi (19\/2) am arestat un b\u0103rbat \u00een v\u00e2rst\u0103 de peste 60 de ani din Norfolk, sub suspiciunea de misconduct in public office (abuz \u00een func\u021bie public\u0103), \u0219i efectu\u0103m perchezi\u021bii la adrese din Berkshire \u0219i Norfolk.<br \/>\nB\u0103rbatul r\u0103m\u00e2ne \u00een custodia poli\u021biei \u00een acest moment.<br \/>\nNu vom face public numele persoanei arestate, conform procedurilor na\u021bionale. De asemenea, reamintim c\u0103 acest caz este acum activ, iar orice expunere public\u0103 trebuie f\u0103cut\u0103 cu grij\u0103 pentru a evita riscul de a afecta procedurile judiciare.\u201d<\/p>\n<p>\u00cen continuare, poli\u021bia britanic\u0103 a ajuns joi diminea\u021b\u0103 la re\u0219edin\u021ba lui Andrew Mountbatten-Windsor, fratele regelui Charles al III-lea, \u00een Norfolk, unde fostul membru al familiei regale a fost re\u021binut pe baza suspiciunilor de \u201emisconduct in public office\u201d, conform informa\u021biilor furnizate de <a href=\"https:\/\/www.bbc.com\/news\/live\/c70kjr9wjw0t\" target=\"_blank\" rel=\"noopener\">BBC<\/a>.<\/p>\n<p>Surse din <a href=\"https:\/\/www.thesun.co.uk\/royals\/38199309\/andrew-epstein-scandal-cops\/\" target=\"_blank\" rel=\"noopener\">presa britanic\u0103<\/a> indic\u0103 faptul c\u0103 au fost observate cel pu\u021bin \u0219ase vehicule neinscrip\u021bionate \u0219i mai mul\u021bi ofi\u021beri \u00een civil la proprietatea Wood Farm, unde Andrew locuie\u0219te de c\u00e2nd s-a mutat de la Royal Lodge. Ac\u021biunea a avut loc \u00een contextul unei investiga\u021bii extinse privind leg\u0103turile sale cu controversatul finan\u021bator Jeffrey Epstein.<\/p>\n<p><a href=\"https:\/\/www.mediafax.ro\/externe\/printul-william-il-voia-pe-andrew-alungat-din-familia-regala-inainte-ca-situatia-sa-se-agraveze-dupa-interviul-despre-relatia-acestuia-cu-epstein-23687105\" target=\"_blank\" rel=\"noopener\">Ancheta privind Andrew Mountbatten-Windsor<\/a> \u2013 fost reprezentant special al Marii Britanii pentru comer\u021b \u0219i investi\u021bii \u00eentre 2001 \u0219i 2011 \u2013 a fost intensificat\u0103 dup\u0103 publicarea unor documente de c\u0103tre autorit\u0103\u021bile americane, care sugereaz\u0103 c\u0103 acesta ar fi partajat informa\u021bii guvernamentale confiden\u021biale cu Epstein. Thames Valley Police \u0219i alte for\u021be de ordine din Regatul Unit au evaluat deja aceste acuza\u021bii \u0219i au considerat posibilitatea ini\u021bierii unei anchete penale complete.<\/p>\n<p>P\u00e2n\u0103 \u00een prezent, Thames Valley Police nu a emis o declara\u021bie oficial\u0103 referitoare la arestare sau la acuza\u021biile specifice, iar Biroul Procurorului Coroanei (CPS) \u0219i alte autorit\u0103\u021bi implicate nu au oferit detalii suplimentare. La momentul redact\u0103rii acestui articol, Andrew Mountbatten-Windsor nu a r\u0103spuns cererilor de comentarii.<\/p>\n<p>Aceast\u0103 \u0219tire este \u00een curs de actualizare \u2013 revenim cu detalii pe m\u0103sur\u0103 ce informa\u021biile verificate din surse oficiale devin disponibile.<\/p>\n","protected":false},"excerpt":{"rendered":"<p>Regele Charles a emis primul s\u0103u mesaj oficial dup\u0103 arestarea lui Andrew Mountbatten-Windsor, subliniind importan\u021ba ca autorit\u0103\u021bile s\u0103 desf\u0103\u0219oare ancheta f\u0103r\u0103 interferen\u021be \u0219i s\u0103 aplice legea \u00een mod integral. \u00centr-o declara\u021bie f\u0103cut\u0103 public\u0103 la ora 14:01, monarhul britanic a exprimat \u201ecea mai profund\u0103 \u00eengrijorare\u201d fa\u021b\u0103 de suspiciunile legate de posibile fapte de \u201emisconduct in public [&hellip;]<\/p>\n","protected":false},"author":2,"featured_media":3989,"comment_status":"open","ping_status":"open","sticky":false,"template":"","format":"standard","meta":{"jnews-multi-image_gallery":[],"jnews_single_post":[],"jnews_primary_category":[],"jnews_override_counter":[],"footnotes":""},"categories":[41],"tags":[6333,817,3294,5308,1896,6332,6334,3812],"class_list":["post-3988","post","type-post","status-publish","format-standard","has-post-thumbnail","hentry","category-externe","tag-abuz-functie-publica","tag-ancheta","tag-andrew-mountbatten-windsor","tag-autoritati-competente","tag-lege","tag-mesaj-oficial","tag-proces-corect","tag-regele-charles"],"_links":{"self":[{"href":"https:\/\/www.newsrecorder.ro\/app\/wp-json\/wp\/v2\/posts\/3988","targetHints":{"allow":["GET"]}}],"collection":[{"href":"https:\/\/www.newsrecorder.ro\/app\/wp-json\/wp\/v2\/posts"}],"about":[{"href":"https:\/\/www.newsrecorder.ro\/app\/wp-json\/wp\/v2\/types\/post"}],"author":[{"embeddable":true,"href":"https:\/\/www.newsrecorder.ro\/app\/wp-json\/wp\/v2\/users\/2"}],"replies":[{"embeddable":true,"href":"https:\/\/www.newsrecorder.ro\/app\/wp-json\/wp\/v2\/comments?post=3988"}],"version-history":[{"count":0,"href":"https:\/\/www.newsrecorder.ro\/app\/wp-json\/wp\/v2\/posts\/3988\/revisions"}],"wp:featuredmedia":[{"embeddable":true,"href":"https:\/\/www.newsrecorder.ro\/app\/wp-json\/wp\/v2\/media\/3989"}],"wp:attachment":[{"href":"https:\/\/www.newsrecorder.ro\/app\/wp-json\/wp\/v2\/media?parent=3988"}],"wp:term":[{"taxonomy":"category","embeddable":true,"href":"https:\/\/www.newsrecorder.ro\/app\/wp-json\/wp\/v2\/categories?post=3988"},{"taxonomy":"post_tag","embeddable":true,"href":"https:\/\/www.newsrecorder.ro\/app\/wp-json\/wp\/v2\/tags?post=3988"}],"curies":[{"name":"wp","href":"https:\/\/api.w.org\/{rel}","templated":true}]}}