{"id":4008,"date":"2026-02-19T14:59:04","date_gmt":"2026-02-19T14:59:04","guid":{"rendered":"https:\/\/www.newsrecorder.ro\/app\/2026\/02\/19\/ministrul-finantelor-romania-atinge-cele-mai-mici-dobanzi-din-2-ani\/"},"modified":"2026-02-19T14:59:04","modified_gmt":"2026-02-19T14:59:04","slug":"ministrul-finantelor-romania-atinge-cele-mai-mici-dobanzi-din-2-ani","status":"publish","type":"post","link":"https:\/\/www.newsrecorder.ro\/app\/2026\/02\/19\/ministrul-finantelor-romania-atinge-cele-mai-mici-dobanzi-din-2-ani\/","title":{"rendered":"Ministrul Finan\u021belor: Rom\u00e2nia atinge cele mai mici dob\u00e2nzi din 2 ani!"},"content":{"rendered":"<p>Ministrul Finan\u021belor a anun\u021bat joi, printr-o postare pe Facebook, c\u0103 dob\u00e2nda la care Rom\u00e2nia se \u00eemprumut\u0103 a sc\u0103zut la aproximativ 6,4% pe an, marc\u00e2nd cel mai redus nivel \u00een ultimele dou\u0103 ani.<\/p>\n<p>\u201eFiecare decizie corect\u0103 adoptat\u0103 contribuie la cre\u0219terea \u00eencrederii din partea pie\u021belor \u0219i la reducerea costurilor de finan\u021bare pentru Rom\u00e2nia. Dup\u0103 decizia de ieri a Cur\u021bii Constitu\u021bionale privind reforma pensiilor speciale \u2014 o reform\u0103 esen\u021bial\u0103, solicitat\u0103 \u0219i de Uniunea European\u0103 pentru accesarea fondurilor din PNRR \u2014 obliga\u021biunile Rom\u00e2niei pe termen de 10 ani s-au ajustat cu aproximativ 10 puncte de baz\u0103 \u00eentr-o singur\u0103 zi \u0219i sunt cu aproape 40 de puncte de baz\u0103 sub nivelul de la \u00eenceputul anului\u201d, a declarat ministrul Finan\u021belor, Alexandru Nazare.<\/p>\n<p>El a subliniat c\u0103 men\u021binerea acestui trend va conduce la cheltuieli mai mici cu dob\u00e2nzile \u00een perspectiva pe termen lung. \u201eSc\u0103derea dob\u00e2nzilor la credite va fi un proces gradual, dar faptul c\u0103 statul se \u00eemprumut\u0103 mai ieftin reprezint\u0103 un prim pas crucial. Consisten\u021ba reformelor se va reflecta direct \u00een buget, rezult\u00e2nd \u00een cheltuieli mai mici cu dob\u00e2nzile pe termen lung \u2014 ceea ce va \u00eensemna mai mul\u021bi bani disponibili pentru investi\u021bii \u0219i dezvoltare. Rom\u00e2nia merit\u0103 \u00eencrederea tuturor\u201d, a ad\u0103ugat Nazare.<\/p>\n<p>\u00centr-o alt\u0103 not\u0103, Curtea Constitu\u021bional\u0103 a Rom\u00e2niei a luat, \u00een cadrul unei noi \u0219edin\u021be, o decizie important\u0103 cu privire la reforma pensiilor speciale ale magistra\u021bilor, subliniind astfel angajamentul Guvernului de a-\u0219i asuma r\u0103spunderea asupra Legii pentru modificarea \u0219i completarea actelor normative din domeniul pensiilor de serviciu, \u00een conformitate cu articolul 114 din Constitu\u021bie. Aceast\u0103 reform\u0103 a fost sprijinit\u0103 insistent de premierul Ilie Bolojan.<\/p>\n<p>Comisia European\u0103 a confirmat, la solicitarea Mediafax, c\u0103 a luat act de decizia Cur\u021bii Constitu\u021bionale referitoare la pensiile speciale, iar evaluarea respect\u0103rii jalonului aferent va fi comunicat\u0103 oficialilor rom\u00e2ni.<\/p>\n<p>Referitor la datoria extern\u0103 a Rom\u00e2niei, cele mai recente date furnizate de Banca Na\u021bional\u0103 a Rom\u00e2niei arat\u0103 c\u0103, \u00een 2025, datoria extern\u0103 total\u0103 a crescut cu 23,83 miliarde de euro, ating\u00e2nd suma de 227,34 miliarde de euro. Peste 78,9% din aceast\u0103 sum\u0103, echivalentul a 179,43 miliarde de euro, reprezint\u0103 datoria extern\u0103 pe termen lung.<\/p>\n<p>Aceast\u0103 sum\u0103 include opera\u021biunile b\u0103ncii centrale, ale companiilor \u0219i persoanelor private, \u00eens\u0103 cea mai mare parte provine din creditele administra\u021biei publice, care se ridicau la 125,57 miliarde de euro la sf\u00e2r\u0219itul anului trecut. \u00cen ceea ce prive\u0219te serviciul datoriei externe, suma total\u0103 pl\u0103tit\u0103 pentru rate \u0219i dob\u00e2nzi a fost de 85,79 miliarde de euro \u00een 2025, dintre care costurile administra\u021biei publice cu dob\u00e2nzile s-au ridicat la 11,48 miliarde de euro, conform datelor BNR.<\/p>\n","protected":false},"excerpt":{"rendered":"<p>Ministrul Finan\u021belor a anun\u021bat joi, printr-o postare pe Facebook, c\u0103 dob\u00e2nda la care Rom\u00e2nia se \u00eemprumut\u0103 a sc\u0103zut la aproximativ 6,4% pe an, marc\u00e2nd cel mai redus nivel \u00een ultimele dou\u0103 ani. \u201eFiecare decizie corect\u0103 adoptat\u0103 contribuie la cre\u0219terea \u00eencrederii din partea pie\u021belor \u0219i la reducerea costurilor de finan\u021bare pentru Rom\u00e2nia. Dup\u0103 decizia de ieri [&hellip;]<\/p>\n","protected":false},"author":4,"featured_media":4009,"comment_status":"open","ping_status":"open","sticky":false,"template":"","format":"standard","meta":{"jnews-multi-image_gallery":[],"jnews_single_post":[],"jnews_primary_category":[],"jnews_override_counter":[],"footnotes":""},"categories":[40],"tags":[6372,2246,6371,101,944,4206,149,321],"class_list":["post-4008","post","type-post","status-publish","format-standard","has-post-thumbnail","hentry","category-econonie","tag-costuri-de-finantare","tag-curtea-constitutionala","tag-dobanda","tag-imprumut","tag-pnrr","tag-reforma-pensiilor","tag-romania","tag-uniunea-europeana"],"_links":{"self":[{"href":"https:\/\/www.newsrecorder.ro\/app\/wp-json\/wp\/v2\/posts\/4008","targetHints":{"allow":["GET"]}}],"collection":[{"href":"https:\/\/www.newsrecorder.ro\/app\/wp-json\/wp\/v2\/posts"}],"about":[{"href":"https:\/\/www.newsrecorder.ro\/app\/wp-json\/wp\/v2\/types\/post"}],"author":[{"embeddable":true,"href":"https:\/\/www.newsrecorder.ro\/app\/wp-json\/wp\/v2\/users\/4"}],"replies":[{"embeddable":true,"href":"https:\/\/www.newsrecorder.ro\/app\/wp-json\/wp\/v2\/comments?post=4008"}],"version-history":[{"count":0,"href":"https:\/\/www.newsrecorder.ro\/app\/wp-json\/wp\/v2\/posts\/4008\/revisions"}],"wp:featuredmedia":[{"embeddable":true,"href":"https:\/\/www.newsrecorder.ro\/app\/wp-json\/wp\/v2\/media\/4009"}],"wp:attachment":[{"href":"https:\/\/www.newsrecorder.ro\/app\/wp-json\/wp\/v2\/media?parent=4008"}],"wp:term":[{"taxonomy":"category","embeddable":true,"href":"https:\/\/www.newsrecorder.ro\/app\/wp-json\/wp\/v2\/categories?post=4008"},{"taxonomy":"post_tag","embeddable":true,"href":"https:\/\/www.newsrecorder.ro\/app\/wp-json\/wp\/v2\/tags?post=4008"}],"curies":[{"name":"wp","href":"https:\/\/api.w.org\/{rel}","templated":true}]}}