{"id":4022,"date":"2026-02-19T15:13:38","date_gmt":"2026-02-19T15:13:38","guid":{"rendered":"https:\/\/www.newsrecorder.ro\/app\/2026\/02\/19\/sute-de-mii-de-romani-raman-fara-locuri-de-munca-in-2025\/"},"modified":"2026-02-19T15:13:38","modified_gmt":"2026-02-19T15:13:38","slug":"sute-de-mii-de-romani-raman-fara-locuri-de-munca-in-2025","status":"publish","type":"post","link":"https:\/\/www.newsrecorder.ro\/app\/2026\/02\/19\/sute-de-mii-de-romani-raman-fara-locuri-de-munca-in-2025\/","title":{"rendered":"Sute de mii de rom\u00e2ni r\u0103m\u00e2n f\u0103r\u0103 locuri de munc\u0103 \u00een 2025!"},"content":{"rendered":"<p>Recent, deputatul social-democrat a postat un mesaj pe Facebook, \u00een care a inclus o fotografie preluat\u0103 de pe site-ul <a href=\"http:\/\/statistici.insse.ro\/tempoins\/index.jsp?page=tempo3&amp;lang=ro&amp;ind=FOM105E#\" target=\"_blank\" rel=\"noopener\">Institutului Na\u021bional de Statistic\u0103<\/a>, referitoare la situa\u021bia salaria\u021bilor \u00eenregistrat\u0103 \u00een lunile mai \u0219i decembrie 2025.<\/p>\n<p>\u00cen imaginea distribuit\u0103, se afl\u0103 un tabel care ilustreaz\u0103 fluctua\u021biile efectivului de salaria\u021bi din diferite sectoare ale economiei rom\u00e2ne\u0219ti.<\/p>\n<p><em>\u201e52 de mii de locuri de munc\u0103 s-au pierdut \u00eentre luna mai 2025 \u0219i decembrie 2025! \u0218i nimeni din propagand\u0103 nu zice nimic!\u201d<\/em> a comentat C\u00e2ciu pe re\u021belele sociale, eviden\u021biind o problem\u0103 semnificativ\u0103 pe pia\u021ba muncii.<\/p>\n<p>Conform datelor din tabel, \u00een sectorul <strong>industrial<\/strong>, au fost \u00eenregistrate pierderi alarmante, cu peste <strong>24.000 de angaja\u021bi<\/strong> care \u0219i-au pierdut locul de munc\u0103 \u00een intervalul men\u021bionat.<\/p>\n<p>Mai mult, \u00een <strong>industria prelucr\u0103toare<\/strong>, au disp\u0103rut de pe pia\u021b\u0103 peste <strong>22.200 de rom\u00e2ni<\/strong> \u00een aceea\u0219i perioad\u0103 a anului trecut, ceea ce subliniaz\u0103 o tendin\u021b\u0103 \u00eengrijor\u0103toare.<\/p>\n<p>Sectorul <strong>serviciilor administrative<\/strong> nu a fost ocolit de aceste pierderi, cu peste <strong>6.800 de persoane<\/strong> care \u0219i-au pierdut locurile de munc\u0103 \u00een 2025.<\/p>\n<p>\u0218i \u00een <strong>\u00eenva\u021b\u0103m\u00e2nt<\/strong> s-au \u00eenregistrat pierderi considerabile, cu peste <strong>8.100 de posturi<\/strong> disp\u0103rute \u00eentre lunile mai \u0219i decembrie 2025.<\/p>\n<p>\u00cen domeniul <strong>HoReCa<\/strong>, sectorul de ospitalitate, peste <strong>1.500 de persoane<\/strong> au fost afectate de concedieri \u00een aceea\u0219i perioad\u0103. De asemenea, \u00een sectorul <strong>Informa\u021bii \u0219i Telecomunica\u021bii<\/strong>, au fost raportate pierderi de peste <strong>2.000 de locuri de munc\u0103<\/strong>.<\/p>\n","protected":false},"excerpt":{"rendered":"<p>Recent, deputatul social-democrat a postat un mesaj pe Facebook, \u00een care a inclus o fotografie preluat\u0103 de pe site-ul Institutului Na\u021bional de Statistic\u0103, referitoare la situa\u021bia salaria\u021bilor \u00eenregistrat\u0103 \u00een lunile mai \u0219i decembrie 2025. \u00cen imaginea distribuit\u0103, se afl\u0103 un tabel care ilustreaz\u0103 fluctua\u021biile efectivului de salaria\u021bi din diferite sectoare ale economiei rom\u00e2ne\u0219ti. \u201e52 de [&hellip;]<\/p>\n","protected":false},"author":2,"featured_media":4023,"comment_status":"open","ping_status":"open","sticky":false,"template":"","format":"standard","meta":{"jnews-multi-image_gallery":[],"jnews_single_post":[],"jnews_primary_category":[],"jnews_override_counter":[],"footnotes":""},"categories":[39],"tags":[1139,6388,2932,1326,5571,6386,2978,6387],"class_list":["post-4022","post","type-post","status-publish","format-standard","has-post-thumbnail","hentry","category-stirile-zilei","tag-fluctuatii","tag-industrie-prelucratoare","tag-institutul-national-de-statistica","tag-locuri-de-munca","tag-piata-muncii","tag-pierderi","tag-salarii","tag-sector-industrial"],"_links":{"self":[{"href":"https:\/\/www.newsrecorder.ro\/app\/wp-json\/wp\/v2\/posts\/4022","targetHints":{"allow":["GET"]}}],"collection":[{"href":"https:\/\/www.newsrecorder.ro\/app\/wp-json\/wp\/v2\/posts"}],"about":[{"href":"https:\/\/www.newsrecorder.ro\/app\/wp-json\/wp\/v2\/types\/post"}],"author":[{"embeddable":true,"href":"https:\/\/www.newsrecorder.ro\/app\/wp-json\/wp\/v2\/users\/2"}],"replies":[{"embeddable":true,"href":"https:\/\/www.newsrecorder.ro\/app\/wp-json\/wp\/v2\/comments?post=4022"}],"version-history":[{"count":0,"href":"https:\/\/www.newsrecorder.ro\/app\/wp-json\/wp\/v2\/posts\/4022\/revisions"}],"wp:featuredmedia":[{"embeddable":true,"href":"https:\/\/www.newsrecorder.ro\/app\/wp-json\/wp\/v2\/media\/4023"}],"wp:attachment":[{"href":"https:\/\/www.newsrecorder.ro\/app\/wp-json\/wp\/v2\/media?parent=4022"}],"wp:term":[{"taxonomy":"category","embeddable":true,"href":"https:\/\/www.newsrecorder.ro\/app\/wp-json\/wp\/v2\/categories?post=4022"},{"taxonomy":"post_tag","embeddable":true,"href":"https:\/\/www.newsrecorder.ro\/app\/wp-json\/wp\/v2\/tags?post=4022"}],"curies":[{"name":"wp","href":"https:\/\/api.w.org\/{rel}","templated":true}]}}