{"id":403,"date":"2026-01-23T19:44:12","date_gmt":"2026-01-23T19:44:12","guid":{"rendered":"https:\/\/www.newsrecorder.ro\/app\/2026\/01\/23\/reconstituirea-ultimului-pian-al-lui-beethoven-un-proiect-european-unic\/"},"modified":"2026-01-23T19:44:12","modified_gmt":"2026-01-23T19:44:12","slug":"reconstituirea-ultimului-pian-al-lui-beethoven-un-proiect-european-unic","status":"publish","type":"post","link":"https:\/\/www.newsrecorder.ro\/app\/2026\/01\/23\/reconstituirea-ultimului-pian-al-lui-beethoven-un-proiect-european-unic\/","title":{"rendered":"Reconstituirea ultimului pian al lui Beethoven: un proiect european unic!"},"content":{"rendered":"<p style=\"text-align: left\">Un pian remarcabil, creat de celebrul fabricant Conrad Graf, se afl\u0103 \u00een prezent \u00een colec\u021bia Beethoven-Haus din Bonn, dar nu mai poate reproduce sunetul original. Acest instrument istoric va beneficia de o reconstruc\u021bie minu\u021bioas\u0103, care \u00ee\u0219i propune s\u0103 redea fidel caracteristicile sonore ale acestuia.<\/p>\n<p style=\"text-align: left\">Conform <a href=\"https:\/\/www.belganewsagency.eu\/ku-leuven-collaborates-on-construction-of-unique-replica-of-ludwig-van-beethoven-piano\" target=\"_blank\" rel=\"noopener\">Belga News Agency<\/a>, proiectul de reconstruc\u021bie va fi realizat cu un acces direct la pianul autentic \u0219i la arhivele Beethoven-Haus, fiind o premier\u0103 \u00een acest domeniu. Echipa de cercet\u0103tori va lucra pentru a reconstitui nu doar forma, ci \u0219i sunetul original al instrumentului.<\/p>\n<p style=\"text-align: left\">Coordonarea artistic\u0103 \u0219i experimental\u0103 a acestui proiect va fi asigurat\u0103 de Orpheus Institute, un institut de cercetare muzical\u0103 din Gent, Belgia. Pianul reconstruit va fi folosit \u00een concerte \u0219i studii muzicale, iar universitatea KU Leuven va analiza stilul tardiv al lui Beethoven \u0219i tehnologia pianului din acea perioad\u0103.<\/p>\n<p style=\"text-align: left\">Realizarea efectiv\u0103 a pianului va fi efectuat\u0103 de fabricantul belgian Chris Maene, \u00een colaborare cu pianistul \u0219i cercet\u0103torul Tom Beghin de la KU Leuven. Cei doi au avut deja experien\u021ba colabor\u0103rii pe replici istorice ale altor instrumente asociate cu Beethoven, fabricate de John Broadwood &amp; Sons \u0219i Erard Fr\u00e8res.<\/p>\n<p style=\"text-align: left\">\u201ePrin aceast\u0103 replic\u0103 a lui Graf, complet\u0103m trilogia pianelor lui Beethoven care au supravie\u021buit p\u00e2n\u0103 \u00een zilele noastre\u201d, a declarat Tom Beghin. \u201eInten\u021bia noastr\u0103 este de a reconstrui nu doar sunetul muzicii lui Beethoven, ci \u0219i modul \u00een care acesta g\u00e2ndea, sim\u021bea \u0219i crea la claviatur\u0103. Al\u0103turi de pianul Broadwood, acest instrument ne ofer\u0103 o nou\u0103 fereastr\u0103 c\u0103tre muzica unui compozitor devenit surd, la intersec\u021bia dintre tehnologie, corp \u0219i imagina\u021bie.\u201d<\/p>\n<p style=\"text-align: left\">Originalul pian Graf era considerat unul dintre cele mai sofisticate instrumente ale epocii sale, av\u00e2nd o extensie de \u0219ase octave \u0219i jum\u0103tate, \u00eentr-o perioad\u0103 \u00een care majoritatea pianelor se limitau la maximum \u0219ase octave. De asemenea, instrumentul era dotat cu patru corzi \u0219i pedale capabile s\u0103 genereze nuan\u021be timbrale subtile. Beethoven a achizi\u021bionat acest pian \u00een ianuarie 1826, ca un \u00eenlocuitor temporar pentru pianul s\u0103u Broadwood, care se afla \u00een repara\u021bii. Ambele instrumente au fost p\u0103strate \u00een locuin\u021ba sa p\u00e2n\u0103 la sf\u00e2r\u0219itul vie\u021bii.<\/p>\n<p style=\"text-align: left\">Pe acest pian, Beethoven a compus celebra Marea Fug\u0103, Opus 134, considerat\u0103 una dintre cele mai radicale \u0219i influente lucr\u0103ri ale sale din perioada t\u00e2rzie. Titlul original al acestei lucr\u0103ri este Gro\u00dfe Fuge, \u00een limba german\u0103.<\/p>\n<p style=\"text-align: left\">Replica pianului este a\u0219teptat\u0103 s\u0103 fie finalizat\u0103 la \u00eenceputul anului 2027. Dup\u0103 finalizare, pianul va r\u0103m\u00e2ne timp de cinci ani la Orpheus Institute, unde va fi utilizat pentru cercet\u0103ri \u0219i concerte, \u00eenainte de a porni \u00eentr-un turneu european. La finalul acestui turneu, pianul va reveni definitiv la Beethoven-Haus din Bonn, muzeul dedicat vie\u021bii \u0219i operei lui Ludwig van Beethoven.<\/p>\n","protected":false},"excerpt":{"rendered":"<p>Un pian remarcabil, creat de celebrul fabricant Conrad Graf, se afl\u0103 \u00een prezent \u00een colec\u021bia Beethoven-Haus din Bonn, dar nu mai poate reproduce sunetul original. Acest instrument istoric va beneficia de o reconstruc\u021bie minu\u021bioas\u0103, care \u00ee\u0219i propune s\u0103 redea fidel caracteristicile sonore ale acestuia. Conform Belga News Agency, proiectul de reconstruc\u021bie va fi realizat cu [&hellip;]<\/p>\n","protected":false},"author":7,"featured_media":404,"comment_status":"open","ping_status":"open","sticky":false,"template":"","format":"standard","meta":{"jnews-multi-image_gallery":[],"jnews_single_post":[],"jnews_primary_category":[],"jnews_override_counter":[],"footnotes":""},"categories":[43],"tags":[569,573,568,574,572,567,570,571],"class_list":["post-403","post","type-post","status-publish","format-standard","has-post-thumbnail","hentry","category-cultura","tag-beethoven-haus","tag-cercetare-muzicala","tag-conrad-graf","tag-ku-leuven","tag-orpheus-institute","tag-pian","tag-reconstructie","tag-sunet-original"],"_links":{"self":[{"href":"https:\/\/www.newsrecorder.ro\/app\/wp-json\/wp\/v2\/posts\/403","targetHints":{"allow":["GET"]}}],"collection":[{"href":"https:\/\/www.newsrecorder.ro\/app\/wp-json\/wp\/v2\/posts"}],"about":[{"href":"https:\/\/www.newsrecorder.ro\/app\/wp-json\/wp\/v2\/types\/post"}],"author":[{"embeddable":true,"href":"https:\/\/www.newsrecorder.ro\/app\/wp-json\/wp\/v2\/users\/7"}],"replies":[{"embeddable":true,"href":"https:\/\/www.newsrecorder.ro\/app\/wp-json\/wp\/v2\/comments?post=403"}],"version-history":[{"count":0,"href":"https:\/\/www.newsrecorder.ro\/app\/wp-json\/wp\/v2\/posts\/403\/revisions"}],"wp:featuredmedia":[{"embeddable":true,"href":"https:\/\/www.newsrecorder.ro\/app\/wp-json\/wp\/v2\/media\/404"}],"wp:attachment":[{"href":"https:\/\/www.newsrecorder.ro\/app\/wp-json\/wp\/v2\/media?parent=403"}],"wp:term":[{"taxonomy":"category","embeddable":true,"href":"https:\/\/www.newsrecorder.ro\/app\/wp-json\/wp\/v2\/categories?post=403"},{"taxonomy":"post_tag","embeddable":true,"href":"https:\/\/www.newsrecorder.ro\/app\/wp-json\/wp\/v2\/tags?post=403"}],"curies":[{"name":"wp","href":"https:\/\/api.w.org\/{rel}","templated":true}]}}