{"id":4044,"date":"2026-02-19T19:14:20","date_gmt":"2026-02-19T19:14:20","guid":{"rendered":"https:\/\/www.newsrecorder.ro\/app\/2026\/02\/19\/viscol-devastator-dn-2b-si-dn-22-inchise-avertizari-meteo-severe\/"},"modified":"2026-02-19T19:14:20","modified_gmt":"2026-02-19T19:14:20","slug":"viscol-devastator-dn-2b-si-dn-22-inchise-avertizari-meteo-severe","status":"publish","type":"post","link":"https:\/\/www.newsrecorder.ro\/app\/2026\/02\/19\/viscol-devastator-dn-2b-si-dn-22-inchise-avertizari-meteo-severe\/","title":{"rendered":"Viscol devastator: DN 2B \u0219i DN 22 \u00eenchise! Avertiz\u0103ri meteo severe!"},"content":{"rendered":"<p>Reprezentan\u021bii autorit\u0103\u021bilor au anun\u021bat c\u0103, \u00een ciuda eforturilor continue ale utilajelor de desz\u0103pezire pe parcursul nop\u021bii, v\u00e2ntul puternic reu\u0219e\u0219te s\u0103 disperseze z\u0103pada pe drumuri imediat dup\u0103 ce plugurile trec, f\u0103c\u00e2nd astfel aceste interven\u021bii ineficiente.<\/p>\n<p><strong>ATEN\u021aIE:<\/strong> \u00cencep\u00e2nd cu ora 07:00, circula\u021bia rutier\u0103 este <strong>\u00ceNCHIS\u0102<\/strong> pe DN 2B (Buz\u0103u \u2013 Br\u0103ila) \u0219i DN 22 (Buz\u0103u \u2013 Br\u0103ila), conform informa\u021biilor furnizate de <a class=\"x1i10hfl xjbqb8w x1ejq31n x18oe1m7 x1sy0etr xstzfhl x972fbf x10w94by x1qhh985 x14e42zd x9f619 x1ypdohk xt0psk2 x3ct3a4 xdj266r x14z9mp xat24cr x1lziwak xexx8yu xyri2b x18d9i69 x1c1uobl x16tdsg8 x1hl2dhg xggy1nq x1a2a7pz xkrqix3 x1sur9pj xzsf02u x1s688f\" role=\"link\" href=\"https:\/\/www.facebook.com\/profile.php?id=100083168088873&amp;__cft__[0]=AZa8tbwvfwTWebkxy32nVwokTujaUWWOVAKc7I4Gtax7RvH57N-en_fDXdiej-7PX_RHzycbqbJqLuE9soUcnt-iZxxeCXTQdg7qwJryDBIltcq1es-sLAYeStfo9tVYqR5oxqqFvTOoXIzhotHLiF-gF_mf-guDeXP1zTWgM0rTlw&amp;__tn__=-UC%2CP-R\" target=\"_blank\" rel=\"noopener\">Direc\u021bia Regional\u0103 de Drumuri \u0219i Poduri Buz\u0103u<\/a>.<\/p>\n<p>Acest fenomen meteorologic extrem afecteaz\u0103 vizibilitatea, reduc\u00e2nd-o la niveluri minime \u0219i pun\u00e2nd astfel \u00een pericol grav siguran\u021ba conduc\u0103torilor auto.<\/p>\n<p>\u00cen acest context, autorit\u0103\u021bile \u00eendeamn\u0103 \u0219oferii s\u0103 evite deplas\u0103rile pe tronsoanele men\u021bionate \u0219i s\u0103 respecte indica\u021biile patrulelor de Poli\u021bie Rutier\u0103 care se afl\u0103 pe teren.<\/p>\n<p>Autorit\u0103\u021bile vor continua s\u0103 ofere actualiz\u0103ri pe m\u0103sur\u0103 ce situa\u021bia meteorologic\u0103 se va dezvolta.<\/p>\n","protected":false},"excerpt":{"rendered":"<p>Reprezentan\u021bii autorit\u0103\u021bilor au anun\u021bat c\u0103, \u00een ciuda eforturilor continue ale utilajelor de desz\u0103pezire pe parcursul nop\u021bii, v\u00e2ntul puternic reu\u0219e\u0219te s\u0103 disperseze z\u0103pada pe drumuri imediat dup\u0103 ce plugurile trec, f\u0103c\u00e2nd astfel aceste interven\u021bii ineficiente. ATEN\u021aIE: \u00cencep\u00e2nd cu ora 07:00, circula\u021bia rutier\u0103 este \u00ceNCHIS\u0102 pe DN 2B (Buz\u0103u \u2013 Br\u0103ila) \u0219i DN 22 (Buz\u0103u \u2013 Br\u0103ila), [&hellip;]<\/p>\n","protected":false},"author":5,"featured_media":4045,"comment_status":"open","ping_status":"open","sticky":false,"template":"","format":"standard","meta":{"jnews-multi-image_gallery":[],"jnews_single_post":[],"jnews_primary_category":[],"jnews_override_counter":[],"footnotes":""},"categories":[45],"tags":[2136,6417,2239,5989,5988,5499,994,729],"class_list":["post-4044","post","type-post","status-publish","format-standard","has-post-thumbnail","hentry","category-meteo","tag-autoritati","tag-circulatie-inchisa","tag-deszapezire","tag-dn-22","tag-dn-2b","tag-siguranta-rutiera","tag-vant-puternic","tag-zapada"],"_links":{"self":[{"href":"https:\/\/www.newsrecorder.ro\/app\/wp-json\/wp\/v2\/posts\/4044","targetHints":{"allow":["GET"]}}],"collection":[{"href":"https:\/\/www.newsrecorder.ro\/app\/wp-json\/wp\/v2\/posts"}],"about":[{"href":"https:\/\/www.newsrecorder.ro\/app\/wp-json\/wp\/v2\/types\/post"}],"author":[{"embeddable":true,"href":"https:\/\/www.newsrecorder.ro\/app\/wp-json\/wp\/v2\/users\/5"}],"replies":[{"embeddable":true,"href":"https:\/\/www.newsrecorder.ro\/app\/wp-json\/wp\/v2\/comments?post=4044"}],"version-history":[{"count":0,"href":"https:\/\/www.newsrecorder.ro\/app\/wp-json\/wp\/v2\/posts\/4044\/revisions"}],"wp:featuredmedia":[{"embeddable":true,"href":"https:\/\/www.newsrecorder.ro\/app\/wp-json\/wp\/v2\/media\/4045"}],"wp:attachment":[{"href":"https:\/\/www.newsrecorder.ro\/app\/wp-json\/wp\/v2\/media?parent=4044"}],"wp:term":[{"taxonomy":"category","embeddable":true,"href":"https:\/\/www.newsrecorder.ro\/app\/wp-json\/wp\/v2\/categories?post=4044"},{"taxonomy":"post_tag","embeddable":true,"href":"https:\/\/www.newsrecorder.ro\/app\/wp-json\/wp\/v2\/tags?post=4044"}],"curies":[{"name":"wp","href":"https:\/\/api.w.org\/{rel}","templated":true}]}}