{"id":4050,"date":"2026-02-19T19:15:20","date_gmt":"2026-02-19T19:15:20","guid":{"rendered":"https:\/\/www.newsrecorder.ro\/app\/2026\/02\/19\/uraganul-de-iarna-devastator-anadir-in-haos-si-suferinta\/"},"modified":"2026-02-19T19:15:20","modified_gmt":"2026-02-19T19:15:20","slug":"uraganul-de-iarna-devastator-anadir-in-haos-si-suferinta","status":"publish","type":"post","link":"https:\/\/www.newsrecorder.ro\/app\/2026\/02\/19\/uraganul-de-iarna-devastator-anadir-in-haos-si-suferinta\/","title":{"rendered":"\u201eUraganul de iarn\u0103 devastator: Anad\u00eer \u00een haos \u0219i suferin\u021b\u0103\u201d"},"content":{"rendered":"<p class=\"p1\">Conform relat\u0103rilor din presa local\u0103, v\u00e2ntul a atins intensitatea unui uragan, transform\u00e2nd str\u0103zile \u00eentr-un adev\u0103rat c\u00e2mp de lupt\u0103 pentru locuitori. Imaginile surprinse \u00een aceast\u0103 perioad\u0103 arat\u0103 oameni care se aga\u021b\u0103 de st\u00e2lpii de \u00eenalt\u0103 tensiune pentru a nu fi \u201em\u0103turati\u201d de rafalele extrem de puternice.<\/p>\n<p class=\"p1\">Rafalele de v\u00e2nt, corelate cu ninsorile, au fost \u00eenregistrate la viteze de p\u00e2n\u0103 la 50 de metri pe secund\u0103, ceea ce a dus la anularea cursurilor de dup\u0103-amiaz\u0103 \u0219i suspendarea activit\u0103\u021bilor autobuzelor din ora\u0219.<\/p>\n<p class=\"p1\">Autorit\u0103\u021bile locale au sf\u0103tuit cet\u0103\u021benii s\u0103 se ab\u021bin\u0103 de la a ie\u0219i din case, \u00eendemn\u00e2ndu-i s\u0103 evite structurile instabile \u0219i s\u0103 r\u0103m\u00e2n\u0103 \u00een siguran\u021b\u0103, cu excep\u021bia situa\u021biilor de urgen\u021b\u0103.<\/p>\n<p class=\"p1\">Primarul din Anad\u00eer, Sergei Spitsyn, a lansat un apel c\u0103tre comunitate, av\u00e2nd \u00een vedere c\u0103 viteza v\u00e2ntului a dep\u0103\u0219it 40 m\/s. \u201eAst\u0103zi am fost lovi\u021bi de o furtun\u0103 intens\u0103, o situa\u021bie cu care nu ne-am mai confruntat de mult timp\u201d, a declarat el.<\/p>\n<p class=\"p1\">\u201eM-am aflat \u00een centrul evenimentelor, monitoriz\u00e2nd situa\u021bia actual\u0103. \u00cempreun\u0103 cu reprezentan\u021bii organiza\u021biilor de \u00eentre\u021binere, am inspectat obiectivele sociale \u0219i cl\u0103dirile reziden\u021biale. Din p\u0103cate, am descoperit daune semnificative cauzate de aceast\u0103 calamitate natural\u0103. V\u00e2ntul extrem de puternic a smuls p\u0103r\u021bi din acoperi\u0219uri \u0219i fa\u021bade. Este urgent s\u0103 efectu\u0103m inspec\u021bii \u0219i s\u0103 estim\u0103m lucr\u0103rile necesare pentru repara\u021bii rapide\u201d, a ad\u0103ugat primarul.<\/p>\n<p class=\"p1\">El a continuat s\u0103 sublinieze importan\u021ba colabor\u0103rii cu echipele de interven\u021bie \u0219i cu \u0219efii serviciilor comunale. \u201e\u00cen condi\u021bii de vizibilitate redus\u0103 pe drumuri, am reu\u0219it s\u0103 livr\u0103m p\u00e2ine proasp\u0103t\u0103 de la combinatul alimentar \u201ePolar\u201d la liceul din regiune, la colegiul multidisciplinar, precum \u0219i locuitorilor celei mai afectate cl\u0103diri de pe strada Partizanskaya 7 \u0219i celor din Tavayvaam. A fost o provocare s\u0103 ajungem acolo\u201d, a explicat Spitsyn.<\/p>\n<p class=\"p1\">Datorit\u0103 eforturilor angaja\u021bilor Companiei de Transport din Anadyr, care au utilizat utilaje grele, drumul c\u0103tre Tavayvaam a fost redeschis. Printre cei care au primit p\u00e2ine se num\u0103rau b\u0103tr\u00e2ni, familii cu mul\u021bi copii, persoane cu venituri reduse \u0219i familiile participan\u021bilor la conflictul din Ucraina.<\/p>\n<p class=\"p1\">\u201eSuntem con\u0219tien\u021bi de responsabilitatea noastr\u0103 fa\u021b\u0103 de locuitorii ora\u0219ului \u0219i facem tot ce ne st\u0103 \u00een putin\u021b\u0103 pentru a oferi asisten\u021b\u0103 rapid\u0103 fiec\u0103rei persoane aflate \u00eentr-o situa\u021bie dificil\u0103\u201d, a conchis primarul. <\/p>\n","protected":false},"excerpt":{"rendered":"<p>Conform relat\u0103rilor din presa local\u0103, v\u00e2ntul a atins intensitatea unui uragan, transform\u00e2nd str\u0103zile \u00eentr-un adev\u0103rat c\u00e2mp de lupt\u0103 pentru locuitori. Imaginile surprinse \u00een aceast\u0103 perioad\u0103 arat\u0103 oameni care se aga\u021b\u0103 de st\u00e2lpii de \u00eenalt\u0103 tensiune pentru a nu fi \u201em\u0103turati\u201d de rafalele extrem de puternice. Rafalele de v\u00e2nt, corelate cu ninsorile, au fost \u00eenregistrate la [&hellip;]<\/p>\n","protected":false},"author":5,"featured_media":4051,"comment_status":"open","ping_status":"open","sticky":false,"template":"","format":"standard","meta":{"jnews-multi-image_gallery":[],"jnews_single_post":[],"jnews_primary_category":[],"jnews_override_counter":[],"footnotes":""},"categories":[45],"tags":[6421,869,5681,127,5680,1118,5679,137],"class_list":["post-4050","post","type-post","status-publish","format-standard","has-post-thumbnail","hentry","category-meteo","tag-anadir","tag-autoritati-locale","tag-furtuna","tag-ninsori","tag-rafale","tag-siguranta","tag-uragan","tag-vant"],"_links":{"self":[{"href":"https:\/\/www.newsrecorder.ro\/app\/wp-json\/wp\/v2\/posts\/4050","targetHints":{"allow":["GET"]}}],"collection":[{"href":"https:\/\/www.newsrecorder.ro\/app\/wp-json\/wp\/v2\/posts"}],"about":[{"href":"https:\/\/www.newsrecorder.ro\/app\/wp-json\/wp\/v2\/types\/post"}],"author":[{"embeddable":true,"href":"https:\/\/www.newsrecorder.ro\/app\/wp-json\/wp\/v2\/users\/5"}],"replies":[{"embeddable":true,"href":"https:\/\/www.newsrecorder.ro\/app\/wp-json\/wp\/v2\/comments?post=4050"}],"version-history":[{"count":0,"href":"https:\/\/www.newsrecorder.ro\/app\/wp-json\/wp\/v2\/posts\/4050\/revisions"}],"wp:featuredmedia":[{"embeddable":true,"href":"https:\/\/www.newsrecorder.ro\/app\/wp-json\/wp\/v2\/media\/4051"}],"wp:attachment":[{"href":"https:\/\/www.newsrecorder.ro\/app\/wp-json\/wp\/v2\/media?parent=4050"}],"wp:term":[{"taxonomy":"category","embeddable":true,"href":"https:\/\/www.newsrecorder.ro\/app\/wp-json\/wp\/v2\/categories?post=4050"},{"taxonomy":"post_tag","embeddable":true,"href":"https:\/\/www.newsrecorder.ro\/app\/wp-json\/wp\/v2\/tags?post=4050"}],"curies":[{"name":"wp","href":"https:\/\/api.w.org\/{rel}","templated":true}]}}