{"id":4052,"date":"2026-02-19T19:15:35","date_gmt":"2026-02-19T19:15:35","guid":{"rendered":"https:\/\/www.newsrecorder.ro\/app\/2026\/02\/19\/martie-aduce-o-rasturnare-spectaculoasa-a-vremii-cine-va-simti-impactul\/"},"modified":"2026-02-19T19:15:35","modified_gmt":"2026-02-19T19:15:35","slug":"martie-aduce-o-rasturnare-spectaculoasa-a-vremii-cine-va-simti-impactul","status":"publish","type":"post","link":"https:\/\/www.newsrecorder.ro\/app\/2026\/02\/19\/martie-aduce-o-rasturnare-spectaculoasa-a-vremii-cine-va-simti-impactul\/","title":{"rendered":"Martie aduce o r\u0103sturnare spectaculoas\u0103 a vremii: cine va sim\u021bi impactul?"},"content":{"rendered":"<p class=\"font-claude-response-body break-words whitespace-normal leading-[1.7]\">\u00cen s\u0103pt\u0103m\u00e2na 16 &#8211; 23 februarie, valorile termice vor fi mai sc\u0103zute dec\u00e2t media specific\u0103 pentru aceast\u0103 perioad\u0103, \u00een special \u00een regiunile estice ale \u021b\u0103rii. \u00cen restul teritoriului, temperaturile se vor men\u021bine \u00een jurul celor considerate normale.<\/p>\n<p class=\"font-claude-response-body break-words whitespace-normal leading-[1.7]\">De asemenea, regimul pluviometric va fi deficitar la nivel na\u021bional, iar cel mai acut se va resim\u021bi \u00een sud-estul \u021b\u0103rii, unde lipsa precipita\u021biilor va fi semnificativ\u0103.<\/p>\n<p class=\"font-claude-response-body break-words whitespace-normal leading-[1.7]\">Trec\u00e2nd la s\u0103pt\u0103m\u00e2na 23 februarie &#8211; 2 martie, se preconizeaz\u0103 o u\u0219oar\u0103 cre\u0219tere a temperaturilor medii, care vor dep\u0103\u0219i normele specifice acestui interval \u00een majoritatea regiunilor. \u00cenc\u0103lzirea va fi mai accentuat\u0103 \u00een sudul \u021b\u0103rii.<\/p>\n<p class=\"font-claude-response-body break-words whitespace-normal leading-[1.7]\">\u00cen ceea ce prive\u0219te precipita\u021biile, se estimeaz\u0103 c\u0103 vor fi excedentare \u00een regiunile vestice, nord-vestice \u0219i centrale, \u00een timp ce \u00een alte zone vor fi apropiate de valorile normale.<\/p>\n<p class=\"font-claude-response-body break-words whitespace-normal leading-[1.7]\">\u00centre 2 \u0219i 9 martie, temperatura medie a aerului va fi u\u0219or mai ridicat\u0103 dec\u00e2t media normal\u0103 pentru acest interval, ceea ce va marca \u00eenceputul prim\u0103verii meteorologice \u00een majoritatea regiunii. Regimul pluviometric va fi, de asemenea, \u00een concordan\u021b\u0103 cu normele specifice, f\u0103r\u0103 a se anticipa excese de precipita\u021bii sau perioade de secet\u0103.<\/p>\n<p class=\"font-claude-response-body break-words whitespace-normal leading-[1.7]\">\u00cen perioada 9 &#8211; 16 martie, se a\u0219teapt\u0103 ca temperaturile s\u0103 se situeze u\u0219or peste valorile specifice, promov\u00e2nd condi\u021bii favorabile pentru activit\u0103\u021bile \u00een aer liber. Cantit\u0103\u021bile de precipita\u021bii vor fi, \u00een general, apropiate de cele normale, ceea ce va contribui la un echilibru at\u00e2t termic, c\u00e2t \u0219i pluviometric, ideal pentru \u00eenceputul prim\u0103verii.<\/p>\n","protected":false},"excerpt":{"rendered":"<p>\u00cen s\u0103pt\u0103m\u00e2na 16 &#8211; 23 februarie, valorile termice vor fi mai sc\u0103zute dec\u00e2t media specific\u0103 pentru aceast\u0103 perioad\u0103, \u00een special \u00een regiunile estice ale \u021b\u0103rii. \u00cen restul teritoriului, temperaturile se vor men\u021bine \u00een jurul celor considerate normale. De asemenea, regimul pluviometric va fi deficitar la nivel na\u021bional, iar cel mai acut se va resim\u021bi \u00een [&hellip;]<\/p>\n","protected":false},"author":5,"featured_media":4053,"comment_status":"open","ping_status":"open","sticky":false,"template":"","format":"standard","meta":{"jnews-multi-image_gallery":[],"jnews_single_post":[],"jnews_primary_category":[],"jnews_override_counter":[],"footnotes":""},"categories":[45],"tags":[6423,6422,6424,135,6128,1600,5983,1261],"class_list":["post-4052","post","type-post","status-publish","format-standard","has-post-thumbnail","hentry","category-meteo","tag-crestere-temperaturi","tag-deficitar","tag-interval-martie","tag-precipitatii","tag-regiunile-estice","tag-regiunile-vestice","tag-sud-estul-tarii","tag-valori-termice"],"_links":{"self":[{"href":"https:\/\/www.newsrecorder.ro\/app\/wp-json\/wp\/v2\/posts\/4052","targetHints":{"allow":["GET"]}}],"collection":[{"href":"https:\/\/www.newsrecorder.ro\/app\/wp-json\/wp\/v2\/posts"}],"about":[{"href":"https:\/\/www.newsrecorder.ro\/app\/wp-json\/wp\/v2\/types\/post"}],"author":[{"embeddable":true,"href":"https:\/\/www.newsrecorder.ro\/app\/wp-json\/wp\/v2\/users\/5"}],"replies":[{"embeddable":true,"href":"https:\/\/www.newsrecorder.ro\/app\/wp-json\/wp\/v2\/comments?post=4052"}],"version-history":[{"count":0,"href":"https:\/\/www.newsrecorder.ro\/app\/wp-json\/wp\/v2\/posts\/4052\/revisions"}],"wp:featuredmedia":[{"embeddable":true,"href":"https:\/\/www.newsrecorder.ro\/app\/wp-json\/wp\/v2\/media\/4053"}],"wp:attachment":[{"href":"https:\/\/www.newsrecorder.ro\/app\/wp-json\/wp\/v2\/media?parent=4052"}],"wp:term":[{"taxonomy":"category","embeddable":true,"href":"https:\/\/www.newsrecorder.ro\/app\/wp-json\/wp\/v2\/categories?post=4052"},{"taxonomy":"post_tag","embeddable":true,"href":"https:\/\/www.newsrecorder.ro\/app\/wp-json\/wp\/v2\/tags?post=4052"}],"curies":[{"name":"wp","href":"https:\/\/api.w.org\/{rel}","templated":true}]}}