{"id":4082,"date":"2026-02-20T02:37:01","date_gmt":"2026-02-20T02:37:01","guid":{"rendered":"https:\/\/www.newsrecorder.ro\/app\/2026\/02\/20\/predoiu-si-pamela-bondi-discutii-esentiale-la-washington\/"},"modified":"2026-02-20T02:37:01","modified_gmt":"2026-02-20T02:37:01","slug":"predoiu-si-pamela-bondi-discutii-esentiale-la-washington","status":"publish","type":"post","link":"https:\/\/www.newsrecorder.ro\/app\/2026\/02\/20\/predoiu-si-pamela-bondi-discutii-esentiale-la-washington\/","title":{"rendered":"Predoiu \u0219i Pamela Bondi: Discu\u021bii esen\u021biale la Washington!"},"content":{"rendered":"<p>Joi, la sediul Departamentului de Justi\u021bie din Washington, a avut loc o \u00eent\u00e2lnire bilateral\u0103 deosebit de important\u0103 \u00eentre C\u0103t\u0103lin Predoiu, ministrul Afacerilor Interne al Rom\u00e2niei, \u0219i Pamela Bondi, Procurorul General al Statelor Unite. Aceast\u0103 discu\u021bie a fost un pas semnificativ \u00een consolidarea rela\u021biilor de cooperare \u00eentre ministerul rom\u00e2n \u0219i agen\u021biile de aplicare a legii din SUA.<\/p>\n<p>\u00cen cadrul \u00eent\u00e2lnirii, cei doi oficiali au analizat progresele \u0219i colaborarea existent\u0103 \u00eentre structurile Ministerului Afacerilor Interne (MAI) \u0219i agen\u021biile americane de aplicare a legii. De asemenea, au fost discutate m\u0103suri concrete pentru dezvoltarea acestei cooper\u0103ri, inclusiv cele stabilite \u00een \u00eent\u00e2lnirile anterioare dintre ministrul rom\u00e2n \u0219i conducerea FBI, agen\u021bie care colaboreaz\u0103 str\u00e2ns cu Departamentul de Justi\u021bie al SUA.<\/p>\n<p>C\u0103t\u0103lin Predoiu a subliniat importan\u021ba acestor \u00eent\u00e2lniri, afirm\u00e2nd: \u201eDup\u0103 \u00eent\u00e2lnirile de la FBI \u0219i Oficiul Directorului Na\u021bional pentru Informa\u021bii, \u00eent\u00e2lnirea cu Procurorul General Pamela Bondi continu\u0103 seria de contacte \u00een domeniul de competen\u021b\u0103 al MAI. Scopul nostru este de a \u00eent\u0103ri cooperarea dintre structurile ministerului \u0219i agen\u021biile americane de aplicare a legii \u0219i comunitatea de informa\u021bii. Aceste leg\u0103turi nu doar c\u0103 \u00eent\u0103resc colaborarea, ci \u0219i cresc eficien\u021ba MAI \u00een protejarea cet\u0103\u021benilor rom\u00e2ni \u0219i a frontierelor Rom\u00e2niei, care sunt domeniile noastre principale de competen\u021b\u0103.\u201d<\/p>\n","protected":false},"excerpt":{"rendered":"<p>Joi, la sediul Departamentului de Justi\u021bie din Washington, a avut loc o \u00eent\u00e2lnire bilateral\u0103 deosebit de important\u0103 \u00eentre C\u0103t\u0103lin Predoiu, ministrul Afacerilor Interne al Rom\u00e2niei, \u0219i Pamela Bondi, Procurorul General al Statelor Unite. Aceast\u0103 discu\u021bie a fost un pas semnificativ \u00een consolidarea rela\u021biilor de cooperare \u00eentre ministerul rom\u00e2n \u0219i agen\u021biile de aplicare a legii din [&hellip;]<\/p>\n","protected":false},"author":2,"featured_media":4083,"comment_status":"open","ping_status":"open","sticky":false,"template":"","format":"standard","meta":{"jnews-multi-image_gallery":[],"jnews_single_post":[],"jnews_primary_category":[],"jnews_override_counter":[],"footnotes":""},"categories":[42],"tags":[1898,1328,659,1319,1329,6434,149,680],"class_list":["post-4082","post","type-post","status-publish","format-standard","has-post-thumbnail","hentry","category-politica","tag-agentii-de-aplicare-a-legii","tag-catalin-predoiu","tag-cooperare","tag-justitie","tag-ministerul-afacerilor-interne","tag-pamela-bondi","tag-romania","tag-statele-unite"],"_links":{"self":[{"href":"https:\/\/www.newsrecorder.ro\/app\/wp-json\/wp\/v2\/posts\/4082","targetHints":{"allow":["GET"]}}],"collection":[{"href":"https:\/\/www.newsrecorder.ro\/app\/wp-json\/wp\/v2\/posts"}],"about":[{"href":"https:\/\/www.newsrecorder.ro\/app\/wp-json\/wp\/v2\/types\/post"}],"author":[{"embeddable":true,"href":"https:\/\/www.newsrecorder.ro\/app\/wp-json\/wp\/v2\/users\/2"}],"replies":[{"embeddable":true,"href":"https:\/\/www.newsrecorder.ro\/app\/wp-json\/wp\/v2\/comments?post=4082"}],"version-history":[{"count":0,"href":"https:\/\/www.newsrecorder.ro\/app\/wp-json\/wp\/v2\/posts\/4082\/revisions"}],"wp:featuredmedia":[{"embeddable":true,"href":"https:\/\/www.newsrecorder.ro\/app\/wp-json\/wp\/v2\/media\/4083"}],"wp:attachment":[{"href":"https:\/\/www.newsrecorder.ro\/app\/wp-json\/wp\/v2\/media?parent=4082"}],"wp:term":[{"taxonomy":"category","embeddable":true,"href":"https:\/\/www.newsrecorder.ro\/app\/wp-json\/wp\/v2\/categories?post=4082"},{"taxonomy":"post_tag","embeddable":true,"href":"https:\/\/www.newsrecorder.ro\/app\/wp-json\/wp\/v2\/tags?post=4082"}],"curies":[{"name":"wp","href":"https:\/\/api.w.org\/{rel}","templated":true}]}}