{"id":4092,"date":"2026-02-20T02:38:19","date_gmt":"2026-02-20T02:38:19","guid":{"rendered":"https:\/\/www.newsrecorder.ro\/app\/2026\/02\/20\/nicusor-dan-ghidarea-diplomatilor-romani-in-economia-globala-este-esentiala\/"},"modified":"2026-02-20T02:38:19","modified_gmt":"2026-02-20T02:38:19","slug":"nicusor-dan-ghidarea-diplomatilor-romani-in-economia-globala-este-esentiala","status":"publish","type":"post","link":"https:\/\/www.newsrecorder.ro\/app\/2026\/02\/20\/nicusor-dan-ghidarea-diplomatilor-romani-in-economia-globala-este-esentiala\/","title":{"rendered":"Nicu\u0219or Dan: Ghidarea diploma\u021bilor rom\u00e2ni \u00een economia global\u0103 este esen\u021bial\u0103!"},"content":{"rendered":"<p>\u00centr-un interviu acordat postului Antena 1, Nicu\u0219or Dan a discutat despre politica extern\u0103 a Rom\u00e2niei \u0219i viitoarele schimb\u0103ri \u00een r\u00e2ndul ambasadorilor. El a subliniat c\u0103 mandatul standard al unui ambasador este de patru ani, \u00eens\u0103 mul\u021bi dintre cei actuali au dep\u0103\u0219it aceast\u0103 perioad\u0103. \u201eEste probabil s\u0103 facem ni\u0219te schimb\u0103ri \u00een vara lui 2026. Aceste modific\u0103ri vor fi anun\u021bate cu aproximativ o lun\u0103 \u00eenainte\u201d, a declarat Nicu\u0219or Dan.<\/p>\n<p>Primarul Bucure\u0219tiului a explicat c\u0103 ambasadorii trebuie s\u0103 fie \u201eghida\u021bi\u201d \u00een domeniul economic. \u201eChiar dac\u0103 avem diploma\u021bi de calitate \u00een Ministerul de Externe, ei trebuie s\u0103 fie informa\u021bi cu privire la interesele economice ale Rom\u00e2niei \u00een diverse \u021b\u0103ri \u0219i sectoare. Din p\u0103cate, aceast\u0103 reflec\u021bie nu a fost realizat\u0103 de statul rom\u00e2n p\u00e2n\u0103 acum. Aceasta nu \u021bine doar de diploma\u021bie, ci este o munc\u0103 esen\u021bial\u0103 pe care trebuie s\u0103 o facem pentru viitor\u201d, a ad\u0103ugat el.<\/p>\n<p>Nicu\u0219or Dan a subliniat importan\u021ba acestor m\u0103suri pentru ca Rom\u00e2nia s\u0103 poat\u0103 valorifica la maximum rela\u021biile economice deja stabilite. El consider\u0103 c\u0103 o abordare mai bine definit\u0103 \u00een acest sens va conduce la beneficii semnificative pentru economia rom\u00e2neasc\u0103.<\/p>\n","protected":false},"excerpt":{"rendered":"<p>\u00centr-un interviu acordat postului Antena 1, Nicu\u0219or Dan a discutat despre politica extern\u0103 a Rom\u00e2niei \u0219i viitoarele schimb\u0103ri \u00een r\u00e2ndul ambasadorilor. El a subliniat c\u0103 mandatul standard al unui ambasador este de patru ani, \u00eens\u0103 mul\u021bi dintre cei actuali au dep\u0103\u0219it aceast\u0103 perioad\u0103. \u201eEste probabil s\u0103 facem ni\u0219te schimb\u0103ri \u00een vara lui 2026. Aceste modific\u0103ri [&hellip;]<\/p>\n","protected":false},"author":2,"featured_media":4093,"comment_status":"open","ping_status":"open","sticky":false,"template":"","format":"standard","meta":{"jnews-multi-image_gallery":[],"jnews_single_post":[],"jnews_primary_category":[],"jnews_override_counter":[],"footnotes":""},"categories":[42],"tags":[5816,362,1747,6440,6439,286,380,5818],"class_list":["post-4092","post","type-post","status-publish","format-standard","has-post-thumbnail","hentry","category-politica","tag-ambasadori","tag-bucuresti","tag-diplomatie","tag-interese-economice","tag-ministerul-de-externe","tag-nicusor-dan","tag-politica-externa","tag-schimbari"],"_links":{"self":[{"href":"https:\/\/www.newsrecorder.ro\/app\/wp-json\/wp\/v2\/posts\/4092","targetHints":{"allow":["GET"]}}],"collection":[{"href":"https:\/\/www.newsrecorder.ro\/app\/wp-json\/wp\/v2\/posts"}],"about":[{"href":"https:\/\/www.newsrecorder.ro\/app\/wp-json\/wp\/v2\/types\/post"}],"author":[{"embeddable":true,"href":"https:\/\/www.newsrecorder.ro\/app\/wp-json\/wp\/v2\/users\/2"}],"replies":[{"embeddable":true,"href":"https:\/\/www.newsrecorder.ro\/app\/wp-json\/wp\/v2\/comments?post=4092"}],"version-history":[{"count":0,"href":"https:\/\/www.newsrecorder.ro\/app\/wp-json\/wp\/v2\/posts\/4092\/revisions"}],"wp:featuredmedia":[{"embeddable":true,"href":"https:\/\/www.newsrecorder.ro\/app\/wp-json\/wp\/v2\/media\/4093"}],"wp:attachment":[{"href":"https:\/\/www.newsrecorder.ro\/app\/wp-json\/wp\/v2\/media?parent=4092"}],"wp:term":[{"taxonomy":"category","embeddable":true,"href":"https:\/\/www.newsrecorder.ro\/app\/wp-json\/wp\/v2\/categories?post=4092"},{"taxonomy":"post_tag","embeddable":true,"href":"https:\/\/www.newsrecorder.ro\/app\/wp-json\/wp\/v2\/tags?post=4092"}],"curies":[{"name":"wp","href":"https:\/\/api.w.org\/{rel}","templated":true}]}}