{"id":4148,"date":"2026-02-20T12:16:05","date_gmt":"2026-02-20T12:16:05","guid":{"rendered":"https:\/\/www.newsrecorder.ro\/app\/2026\/02\/20\/bucuresti-sub-alerta-viscol-polei-si-15-cm-de-zapada-in-48h\/"},"modified":"2026-02-20T12:16:05","modified_gmt":"2026-02-20T12:16:05","slug":"bucuresti-sub-alerta-viscol-polei-si-15-cm-de-zapada-in-48h","status":"publish","type":"post","link":"https:\/\/www.newsrecorder.ro\/app\/2026\/02\/20\/bucuresti-sub-alerta-viscol-polei-si-15-cm-de-zapada-in-48h\/","title":{"rendered":"Bucure\u0219ti sub alert\u0103: viscol, polei \u0219i 15 cm de z\u0103pad\u0103 \u00een 48h!"},"content":{"rendered":"<p class=\"font-claude-response-body break-words whitespace-normal leading-[1.7]\">Capitala se va confrunta cu condi\u021bii meteorologice severe, incluz\u00e2nd intensific\u0103ri ale <a href=\"https:\/\/www.mediafax.ro\/meteo\/anm-cod-galben-de-viscol-si-ninsori-in-jumatate-de-tara-rafale-de-pana-la-70-km-h-23690081\">v\u00e2ntului<\/a>, ninsori abundente, viscol \u0219i un nou strat de z\u0103pad\u0103. \u00cen plus, o <a href=\"https:\/\/www.meteoromania.ro\/\" target=\"_blank\" rel=\"noopener\">informare<\/a> referitoare la vremea extrem de rece este activ\u0103 pentru aceea\u0219i perioad\u0103.<\/p>\n<p><strong>Vineri, 20 februarie: Ploi, urmate de polei \u0219i ninsoare<\/strong><\/p>\n<p class=\"font-claude-response-body break-words whitespace-normal leading-[1.7]\">\u00cen cursul zilei, cerul se va \u00eennora treptat, iar din dup\u0103-amiaz\u0103 se vor \u00eenregistra ploi. Temperaturile maxime vor varia \u00eentre 2 \u0219i 3 grade Celsius.<\/p>\n<p class=\"font-claude-response-body break-words whitespace-normal leading-[1.7]\">Pe parcursul dup\u0103-amiezii, v\u00e2ntul va deveni mai puternic, cu rafale ce pot atinge 55-65 km\/h. Noaptea, precipita\u021biile vor fi mixte, ceea ce va crea riscul de polei \u0219i ghe\u021bu\u0219, \u00eenainte ca acestea s\u0103 se transforme \u00een ninsoare. Vizibilitatea va sc\u0103dea sub 100 de metri, iar un nou strat de z\u0103pad\u0103 de 6-8 cm se va depune, inegal.<\/p>\n<p><strong>S\u00e2mb\u0103t\u0103, 21 februarie: Ger, ninsori puternice \u0219i viscol<\/strong><\/p>\n<p class=\"font-claude-response-body break-words whitespace-normal leading-[1.7]\">Vremea se va r\u0103ci considerabil, cu ninsori semnificative, stratul de z\u0103pad\u0103 ajung\u00e2nd la 10-15 cm. V\u00e2ntul va viscoli ninsoarea \u00een prima parte a zilei, cu rafale de 40-45 km\/h. Temperaturile maxime nu vor dep\u0103\u0219i -2 p\u00e2n\u0103 la -3 grade, iar minimele vor sc\u0103dea la -4 p\u00e2n\u0103 la -3 grade.<\/p>\n<p>\u00cen perioada 20 februarie, ora 10 \u2013 22 februarie, ora 10, municipiul Bucure\u0219ti va fi sub o informare meteorologic\u0103 pentru vreme deosebit de rece.<\/p>\n<p>De asemenea, \u00eentre 20 februarie, ora 12 \u2013 22 februarie, ora 10, va fi activ\u0103 o aten\u021bionare meteorologic\u0103 pentru intensific\u0103ri ale v\u00e2ntului, precipita\u021bii consistente, ninsori, viscol \u0219i un nou strat de z\u0103pad\u0103.<\/p>\n","protected":false},"excerpt":{"rendered":"<p>Capitala se va confrunta cu condi\u021bii meteorologice severe, incluz\u00e2nd intensific\u0103ri ale v\u00e2ntului, ninsori abundente, viscol \u0219i un nou strat de z\u0103pad\u0103. \u00cen plus, o informare referitoare la vremea extrem de rece este activ\u0103 pentru aceea\u0219i perioad\u0103. Vineri, 20 februarie: Ploi, urmate de polei \u0219i ninsoare \u00cen cursul zilei, cerul se va \u00eennora treptat, iar din [&hellip;]<\/p>\n","protected":false},"author":5,"featured_media":4149,"comment_status":"open","ping_status":"open","sticky":false,"template":"","format":"standard","meta":{"jnews-multi-image_gallery":[],"jnews_single_post":[],"jnews_primary_category":[],"jnews_override_counter":[],"footnotes":""},"categories":[45],"tags":[362,974,128,127,136,81,1142,1141],"class_list":["post-4148","post","type-post","status-publish","format-standard","has-post-thumbnail","hentry","category-meteo","tag-bucuresti","tag-conditii-meteorologice","tag-ger","tag-ninsori","tag-polei","tag-temperaturi-scazute","tag-viscol","tag-vreme-severa"],"_links":{"self":[{"href":"https:\/\/www.newsrecorder.ro\/app\/wp-json\/wp\/v2\/posts\/4148","targetHints":{"allow":["GET"]}}],"collection":[{"href":"https:\/\/www.newsrecorder.ro\/app\/wp-json\/wp\/v2\/posts"}],"about":[{"href":"https:\/\/www.newsrecorder.ro\/app\/wp-json\/wp\/v2\/types\/post"}],"author":[{"embeddable":true,"href":"https:\/\/www.newsrecorder.ro\/app\/wp-json\/wp\/v2\/users\/5"}],"replies":[{"embeddable":true,"href":"https:\/\/www.newsrecorder.ro\/app\/wp-json\/wp\/v2\/comments?post=4148"}],"version-history":[{"count":0,"href":"https:\/\/www.newsrecorder.ro\/app\/wp-json\/wp\/v2\/posts\/4148\/revisions"}],"wp:featuredmedia":[{"embeddable":true,"href":"https:\/\/www.newsrecorder.ro\/app\/wp-json\/wp\/v2\/media\/4149"}],"wp:attachment":[{"href":"https:\/\/www.newsrecorder.ro\/app\/wp-json\/wp\/v2\/media?parent=4148"}],"wp:term":[{"taxonomy":"category","embeddable":true,"href":"https:\/\/www.newsrecorder.ro\/app\/wp-json\/wp\/v2\/categories?post=4148"},{"taxonomy":"post_tag","embeddable":true,"href":"https:\/\/www.newsrecorder.ro\/app\/wp-json\/wp\/v2\/tags?post=4148"}],"curies":[{"name":"wp","href":"https:\/\/api.w.org\/{rel}","templated":true}]}}