{"id":4168,"date":"2026-02-20T16:35:16","date_gmt":"2026-02-20T16:35:16","guid":{"rendered":"https:\/\/www.newsrecorder.ro\/app\/2026\/02\/20\/petrisor-peiu-moment-critic-pentru-economie-solutii-urgente-necesare\/"},"modified":"2026-02-20T16:35:16","modified_gmt":"2026-02-20T16:35:16","slug":"petrisor-peiu-moment-critic-pentru-economie-solutii-urgente-necesare","status":"publish","type":"post","link":"https:\/\/www.newsrecorder.ro\/app\/2026\/02\/20\/petrisor-peiu-moment-critic-pentru-economie-solutii-urgente-necesare\/","title":{"rendered":"Petri\u0219or Peiu: \u201eMoment critic pentru economie, solu\u021bii urgente necesare!\u201d"},"content":{"rendered":"<p id=\"p-1\">Senatorul Petri\u0219or Peiu a subliniat \u00eentr-o recent\u0103 declara\u021bie c\u0103 \u201ene afl\u0103m acum \u00eentr-un moment extrem de periculos \u00een evolu\u021bia unei societ\u0103\u021bi capitaliste, \u00een evolu\u021bia unei economii de pia\u021b\u0103, \u00een care avem simultan recesiune sau stagnare economic\u0103 la nivel anual. Avem infla\u021bie foarte mare \u0219i, \u00een ultima vreme, s-a accentuat fenomenul \u0219omajului\u201d.<\/p>\n<p id=\"p-2\">\u00cen opinia sa, interven\u021biile brutale ale statului \u00een economie au fost un factor declan\u0219ator \u0219i amplificator al stagfla\u021biei, caracterizat\u0103 prin infla\u021bia galopant\u0103, sc\u0103derea consumului \u0219i cre\u0219terea ratei \u0219omajului.<\/p>\n<p id=\"p-3\">\u201eCe a dus la aceast\u0103 situa\u021bie? O interven\u021bie brutal\u0103 \u0219i grosolan\u0103 a statului, manifestat\u0103 prin cre\u0219terea nem\u0103surat\u0103 a pre\u021burilor la energie, concomitent cu majorarea impozitelor de consum, cum ar fi TVA \u0219i accizele\u201d, a ad\u0103ugat senatorul.<\/p>\n<p id=\"p-4\">Petri\u0219or Peiu a prezentat solu\u021biile propuse de AUR pentru a reechilibra economia. Prima dintre acestea este regenerarea consumului prin readucerea cotelor de TVA la nivelurile existente \u00eenainte de august 2025, respectiv 19% pentru cota standard \u0219i 9% pentru cota redus\u0103.<\/p>\n<p id=\"p-5\">De asemenea, senatorul a sugerat un impozit pe dividende mai mic dec\u00e2t impozitul pe veniturile salariale, pentru a stimula antreprenoriatul.<\/p>\n<p id=\"p-6\">Un alt punct important a fost deblocarea financiar\u0103 a economiei. \u201eToate firmele care au de primit bani de la stat sau toate datoriile statului c\u0103tre firme ar trebui s\u0103 se transforme \u00een credit fiscal\u201d, a explicat Peiu.<\/p>\n<p id=\"p-7\">\u00cen plus, senatorul a propus ca toate contribu\u021biile datorate pentru contractele cu timp redus de lucru, cunoscute sub denumirea de contracte part-time, s\u0103 fie propor\u021bionale cu timpul efectiv lucrat.<\/p>\n<p id=\"p-8\">\u00cen \u00eencheiere, pentru a aborda lipsa de sus\u021binere a popula\u021biei, Peiu a afirmat c\u0103 \u201ear trebui s\u0103 avem o scutire de impozit pe locuin\u021ba de domiciliu\u201d, subliniind importan\u021ba acestei m\u0103suri \u00een reconcilierile economice.<\/p>\n","protected":false},"excerpt":{"rendered":"<p>Senatorul Petri\u0219or Peiu a subliniat \u00eentr-o recent\u0103 declara\u021bie c\u0103 \u201ene afl\u0103m acum \u00eentr-un moment extrem de periculos \u00een evolu\u021bia unei societ\u0103\u021bi capitaliste, \u00een evolu\u021bia unei economii de pia\u021b\u0103, \u00een care avem simultan recesiune sau stagnare economic\u0103 la nivel anual. Avem infla\u021bie foarte mare \u0219i, \u00een ultima vreme, s-a accentuat fenomenul \u0219omajului\u201d. \u00cen opinia sa, interven\u021biile [&hellip;]<\/p>\n","protected":false},"author":2,"featured_media":4169,"comment_status":"open","ping_status":"open","sticky":false,"template":"","format":"standard","meta":{"jnews-multi-image_gallery":[],"jnews_single_post":[],"jnews_primary_category":[],"jnews_override_counter":[],"footnotes":""},"categories":[42],"tags":[6552,778,6553,4106,5106,6554,4366,6551],"class_list":["post-4168","post","type-post","status-publish","format-standard","has-post-thumbnail","hentry","category-politica","tag-economie-de-piata","tag-inflatie","tag-interventii-statale","tag-petrisor-peiu","tag-senator","tag-solutii-economice","tag-somaj","tag-stagflatie"],"_links":{"self":[{"href":"https:\/\/www.newsrecorder.ro\/app\/wp-json\/wp\/v2\/posts\/4168","targetHints":{"allow":["GET"]}}],"collection":[{"href":"https:\/\/www.newsrecorder.ro\/app\/wp-json\/wp\/v2\/posts"}],"about":[{"href":"https:\/\/www.newsrecorder.ro\/app\/wp-json\/wp\/v2\/types\/post"}],"author":[{"embeddable":true,"href":"https:\/\/www.newsrecorder.ro\/app\/wp-json\/wp\/v2\/users\/2"}],"replies":[{"embeddable":true,"href":"https:\/\/www.newsrecorder.ro\/app\/wp-json\/wp\/v2\/comments?post=4168"}],"version-history":[{"count":0,"href":"https:\/\/www.newsrecorder.ro\/app\/wp-json\/wp\/v2\/posts\/4168\/revisions"}],"wp:featuredmedia":[{"embeddable":true,"href":"https:\/\/www.newsrecorder.ro\/app\/wp-json\/wp\/v2\/media\/4169"}],"wp:attachment":[{"href":"https:\/\/www.newsrecorder.ro\/app\/wp-json\/wp\/v2\/media?parent=4168"}],"wp:term":[{"taxonomy":"category","embeddable":true,"href":"https:\/\/www.newsrecorder.ro\/app\/wp-json\/wp\/v2\/categories?post=4168"},{"taxonomy":"post_tag","embeddable":true,"href":"https:\/\/www.newsrecorder.ro\/app\/wp-json\/wp\/v2\/tags?post=4168"}],"curies":[{"name":"wp","href":"https:\/\/api.w.org\/{rel}","templated":true}]}}