{"id":417,"date":"2026-01-23T19:47:12","date_gmt":"2026-01-23T19:47:12","guid":{"rendered":"https:\/\/www.newsrecorder.ro\/app\/2026\/01\/23\/bucuresti-intre-ororile-pogromului-si-lectiile-istoriei-romanesti\/"},"modified":"2026-01-23T19:47:12","modified_gmt":"2026-01-23T19:47:12","slug":"bucuresti-intre-ororile-pogromului-si-lectiile-istoriei-romanesti","status":"publish","type":"post","link":"https:\/\/www.newsrecorder.ro\/app\/2026\/01\/23\/bucuresti-intre-ororile-pogromului-si-lectiile-istoriei-romanesti\/","title":{"rendered":"Bucure\u0219ti: \u00centre ororile pogromului \u0219i lec\u021biile istoriei rom\u00e2ne\u0219ti"},"content":{"rendered":"<p>Coabitarea dintre Ion Antonescu \u0219i Mi\u0219carea Legionar\u0103 s-a dovedit a fi rapid conflictual\u0103. Antonescu, dorind s\u0103 consolideze un regim autoritar centralizat \u0219i disciplinat, s-a confruntat constant cu extremi\u0219tii de dreapta care promovau o ideologie violent\u0103. Ideologia legionar\u0103, marcat\u0103 de accente mistico-na\u021bionaliste \u0219i practici violente, se opunea dorin\u021bei lui Antonescu de a impune ordine \u0219i control.<\/p>\n<p>Tensiunile au crescut dramatic \u00een toamna anului 1940, pe fondul unor evenimente tragice, cum ar fi asasinatul politic \u0219i masacrul de la Jilava din noaptea de 26\/27 noiembrie, c\u00e2nd legionarii au ucis 64 de de\u021binu\u021bi politici. Aceste evenimente au eviden\u021biat criza profund\u0103 din interiorul regimului. Indisciplina legionar\u0103, disputele pentru controlul economiei \u0219i op\u021biunile Germaniei de a men\u021bine stabilitatea \u00een Rom\u00e2nia au ad\u0103ugat o nou\u0103 dimensiune conflictului.<\/p>\n<p>Rebeliunea legionar\u0103 a fost determinat\u0103 de un incident specific: asasinarea unui maior german la Bucure\u0219ti de c\u0103tre un agent britanic. Antonescu a folosit acest moment pentru a-i demite pe mini\u0219trii legionari \u0219i pe \u0219efii siguran\u021bei. \u00cen fa\u021ba acestor demiteri, legionarii au refuzat s\u0103 se retrag\u0103, baricad\u00e2ndu-se \u00een sedii oficiale, sec\u021bii de poli\u021bie \u0219i alte cl\u0103diri publice. Horia Sima, liderul legionar, a dat semnalul luptei armate, sper\u00e2nd c\u0103 armata va sus\u021bine cauza lor sau c\u0103 Hitler va interveni \u00een favoarea Mi\u0219c\u0103rii Legionare.<\/p>\n<p>Rebeliunea a erupt pe 21 ianuarie 1941, prin ac\u021biuni violente ale legionarilor \u00eempotriva autorit\u0103\u021bilor, care au ocupat institu\u021bii \u0219i sedii administrative \u00een Bucure\u0219ti \u0219i \u00een alte ora\u0219e. Guvernul lui Antonescu a r\u0103spuns prin mobilizarea Armatei Rom\u00e2ne, declararea st\u0103rii de asediu \u0219i coordonarea interven\u021biei cu for\u021bele germane din \u021bar\u0103. Luptele de strad\u0103 au durat trei zile (21\u201323 ianuarie) \u0219i s-au soldat cu zeci de mor\u021bi \u0219i sute de r\u0103ni\u021bi, al\u0103turi de distrugeri materiale semnificative.<\/p>\n<p>Unul dintre cele mai tragice episoade ale rebeliunii a fost pogromul antisemit de la Bucure\u0219ti, c\u00e2nd grupuri legionare au atacat comunitatea evreiasc\u0103, devast\u00e2nd sinagogi \u0219i locuin\u021be. \u00cen cartierele Dude\u0219ti \u0219i V\u0103c\u0103re\u0219ti, bandele legionare au torturat, jefuit \u0219i ucis peste 120 de evrei. Pogromul a reprezentat unul dintre cele mai violente acte antisemite din istoria Rom\u00e2niei, av\u00e2nd un impact major asupra percep\u021biei interna\u021bionale a regimului legionar. Brutalit\u0103\u021bile comise \u00eempotriva evreilor au zguduit profund con\u0219tiin\u021ba na\u021bional\u0103 \u0219i au l\u0103sat urme ad\u00e2nci \u00een istoria comunit\u0103\u021bii evreie\u0219ti din Rom\u00e2nia.<\/p>\n<p>Aceste acte de violen\u021b\u0103 extrem\u0103 nu au fost doar manifest\u0103ri ale furiei, ci \u0219i expresii ale ideologiilor radicale promovate de Mi\u0219carea Legionar\u0103, care au dus la distrugerea unor comunit\u0103\u021bi istorice \u0219i culturale valoroase, transform\u00e2nd Bucure\u0219tiul \u0219i alte ora\u0219e \u00een teatre ale groazei. Imaginea sinagogilor devastate \u0219i a pr\u0103v\u0103liilor jefuite a l\u0103sat un ecou dureros \u00een inimile supravie\u021buitorilor \u0219i \u00een memoria colectiv\u0103 a na\u021biunii.<\/p>\n<p>Dup\u0103 dou\u0103 zile de ezitare, Antonescu a primit &#8222;unda verde&#8221; de la Hitler, av\u00e2nd \u00een vedere nevoia Germaniei de stabilitate \u00een Rom\u00e2nia, \u00een contextul preg\u0103tirii invaziei URSS. Pe 23 ianuarie, Antonescu a ordonat interven\u021bia armatei cu tancuri \u0219i artilerie pentru a elibera cl\u0103dirile ocupate de legionari. Aceast\u0103 ac\u021biune a dus la arestarea a peste 9.000 de legionari, iar rebeliunea a fost rapid \u00een\u0103bu\u0219it\u0103. Liderii legionari, inclusiv Horia Sima, au reu\u0219it s\u0103 fug\u0103 \u00een Germania, unde au fost \u021binu\u021bi \u00een lag\u0103re speciale, precum Buchenwald, pentru a fi folosi\u021bi ca moned\u0103 de schimb \u00een cazul unei dezert\u0103ri din partea lui Antonescu.<\/p>\n<p>Astfel, pe 23 ianuarie 1941, rebeliunea legionar\u0103 a fost complet \u00een\u0103bu\u0219it\u0103, marc\u00e2nd sf\u00e2r\u0219itul Mi\u0219c\u0103rii Legionare ca for\u021b\u0103 politic\u0103 legal\u0103. Consecin\u021bele imediate au fost dizolvarea Statului Na\u021bional-Legionar, \u00eenl\u0103turarea legionarilor de la guvernare \u0219i instaurarea dictaturii militare personale a lui Ion Antonescu, sprijinit de Germania nazist\u0103. Aceasta a \u00eent\u0103rit regimul lui Antonescu \u0219i a ar\u0103tat abandonarea compromisului \u00een fa\u021ba extremismului ideologic.<\/p>\n<p>Rebeliunea legionar\u0103 a avut efecte profunde asupra Rom\u00e2niei, marc\u00e2nd sf\u00e2r\u0219itul Mi\u0219c\u0103rii Legionare ca for\u021b\u0103 politic\u0103 legal\u0103 \u0219i consolid\u00e2nd puterea lui Ion Antonescu. <strong>De asemenea, a demonstrat incompatibilitatea dintre radicalismul ideologic \u0219i guvernarea statal\u0103<\/strong>, eviden\u021biind riscurile extreme ale politicii de extrem\u0103 dreapta. Aceast\u0103 perioad\u0103 tumultuoas\u0103 a fost un pas decisiv spre alinierea Rom\u00e2niei la politica Axei \u0219i a l\u0103sat urme ad\u00e2nci \u00een con\u0219tiin\u021ba na\u021bional\u0103.<\/p>\n<p>Re\u00eenviorarea doctrinei legionare \u0219i aplicarea sa \u00een contextul politic actual reprezint\u0103 o amenin\u021bare serioas\u0103 la adresa diversit\u0103\u021bii \u0219i toleran\u021bei. Politica de extrem\u0103 dreapt\u0103, alimentat\u0103 de retorica unor lideri, poate duce la o polarizare \u0219i divizare a societ\u0103\u021bii, exact a\u0219a cum s-a \u00eent\u00e2mplat \u00een anii &#8217;40, c\u00e2nd legionarismul a provocat tensiuni interne acute \u0219i violen\u021be.<\/p>\n<p>Reflect\u00e2nd asupra acestor realit\u0103\u021bi, este esen\u021bial ca societatea rom\u00e2neasc\u0103 s\u0103 fie con\u0219tient\u0103 de riscurile re\u00eentoarcerii la ideologii extreme. Memoria colectiv\u0103 a tragediilor din trecut, cum ar fi rebeliunea legionar\u0103 \u0219i pogromul de la Bucure\u0219ti, trebuie s\u0103 r\u0103m\u00e2n\u0103 vie pentru a preveni repetarea gre\u0219elilor istorice. Fiecare cet\u0103\u021bean are datoria de a promova un discurs bazat pe toleran\u021b\u0103, respect reciproc \u0219i pluralism.<\/p>\n<p>Judec\u00e2nd dup\u0103 experien\u021bele traumatizante ale trecutului, trebuie s\u0103 ne str\u0103duim s\u0103 construim o societate \u00een care extremismul s\u0103 nu aib\u0103 loc. Istoria ne arat\u0103 c\u0103 violen\u021ba \u0219i intoleran\u021ba au un impact devastator, afect\u00e2nd nu doar victimele directe, ci transform\u00e2nd \u00eentreaga societate \u00eentr-o spiral\u0103 de ur\u0103 \u0219i \u00eenstr\u0103inare.<\/p>\n<p>Rebeliunea legionar\u0103 din ianuarie 1941 serve\u0219te drept lec\u021bie despre extremism, pericolele radicaliz\u0103rii ideologice \u0219i necesitatea de a construi o societate bazat\u0103 pe toleran\u021b\u0103 \u0219i respect. At\u00e2t trecutul, c\u00e2t \u0219i prezentul ne oblig\u0103 s\u0103 reflect\u0103m asupra alegerilor noastre \u0219i s\u0103 ne asum\u0103m responsabilitatea de a preveni repetarea unor astfel de evenimente oribile. Memoria colectiv\u0103 este un instrument puternic; p\u0103str\u00e2nd vie istoria, putem construi un viitor mai bun, \u00een care violen\u021ba \u0219i intoleran\u021ba s\u0103 nu mai aib\u0103 loc.<\/p>\n<p>Acest capitol \u00eentunecat din istoria Rom\u00e2niei subliniaz\u0103 fragilitatea democra\u021biei \u0219i a toleran\u021bei. Mihail Sebastian, unul dintre martorii acelor vremuri, scria: &#8222;Nu pot uita \u0219i nici nu vreau s\u0103 uit ororile pe care le-am tr\u0103it.&#8221; Aceasta este o chemare la ac\u021biune pentru fiecare dintre noi, s\u0103 c\u0103ut\u0103m cele mai bune metode de a educa genera\u021biile viitoare despre atrocit\u0103\u021bile extremismului \u0219i despre pericolele pe care aceste ideologii radicale le aduc societ\u0103\u021bii. \u00centr-o lume \u00een care istoria ne poate c\u0103l\u0103uzi, este responsabilitatea noastr\u0103 s\u0103 integr\u0103m lec\u021biile trecutului ca fundament pentru o societate prezent\u0103 \u0219i viitoare, bazat\u0103 pe respect, cooperare \u0219i unitate, asigur\u00e2ndu-ne c\u0103 suferin\u021bele \u0219i tragediile din trecut nu vor fi uitate, iar urmele ad\u00e2nci ale antisemitismului, discrimin\u0103rii \u0219i violen\u021bei nu se vor repeta \u00een numele unei ideologii care a adus at\u00e2t de mult\u0103 suferin\u021b\u0103.<\/p>\n","protected":false},"excerpt":{"rendered":"<p>Coabitarea dintre Ion Antonescu \u0219i Mi\u0219carea Legionar\u0103 s-a dovedit a fi rapid conflictual\u0103. Antonescu, dorind s\u0103 consolideze un regim autoritar centralizat \u0219i disciplinat, s-a confruntat constant cu extremi\u0219tii de dreapta care promovau o ideologie violent\u0103. Ideologia legionar\u0103, marcat\u0103 de accente mistico-na\u021bionaliste \u0219i practici violente, se opunea dorin\u021bei lui Antonescu de a impune ordine \u0219i control. [&hellip;]<\/p>\n","protected":false},"author":7,"featured_media":418,"comment_status":"open","ping_status":"open","sticky":false,"template":"","format":"standard","meta":{"jnews-multi-image_gallery":[],"jnews_single_post":[],"jnews_primary_category":[],"jnews_override_counter":[],"footnotes":""},"categories":[43],"tags":[241,236,608,607,237,609,238,610],"class_list":["post-417","post","type-post","status-publish","format-standard","has-post-thumbnail","hentry","category-cultura","tag-asasinat-politic","tag-coabitare","tag-extremisti-de-dreapta","tag-ideologie-violenta","tag-ion-antonescu","tag-masacru-de-la-jilava","tag-miscarea-legionara","tag-rebeliune-legionara"],"_links":{"self":[{"href":"https:\/\/www.newsrecorder.ro\/app\/wp-json\/wp\/v2\/posts\/417","targetHints":{"allow":["GET"]}}],"collection":[{"href":"https:\/\/www.newsrecorder.ro\/app\/wp-json\/wp\/v2\/posts"}],"about":[{"href":"https:\/\/www.newsrecorder.ro\/app\/wp-json\/wp\/v2\/types\/post"}],"author":[{"embeddable":true,"href":"https:\/\/www.newsrecorder.ro\/app\/wp-json\/wp\/v2\/users\/7"}],"replies":[{"embeddable":true,"href":"https:\/\/www.newsrecorder.ro\/app\/wp-json\/wp\/v2\/comments?post=417"}],"version-history":[{"count":0,"href":"https:\/\/www.newsrecorder.ro\/app\/wp-json\/wp\/v2\/posts\/417\/revisions"}],"wp:featuredmedia":[{"embeddable":true,"href":"https:\/\/www.newsrecorder.ro\/app\/wp-json\/wp\/v2\/media\/418"}],"wp:attachment":[{"href":"https:\/\/www.newsrecorder.ro\/app\/wp-json\/wp\/v2\/media?parent=417"}],"wp:term":[{"taxonomy":"category","embeddable":true,"href":"https:\/\/www.newsrecorder.ro\/app\/wp-json\/wp\/v2\/categories?post=417"},{"taxonomy":"post_tag","embeddable":true,"href":"https:\/\/www.newsrecorder.ro\/app\/wp-json\/wp\/v2\/tags?post=417"}],"curies":[{"name":"wp","href":"https:\/\/api.w.org\/{rel}","templated":true}]}}