{"id":4174,"date":"2026-02-20T16:36:06","date_gmt":"2026-02-20T16:36:06","guid":{"rendered":"https:\/\/www.newsrecorder.ro\/app\/2026\/02\/20\/ciprian-ciucu-deblocheaza-reabilitarea-scolii-i-g-duca-reactia-lui-piedone\/"},"modified":"2026-02-20T16:36:06","modified_gmt":"2026-02-20T16:36:06","slug":"ciprian-ciucu-deblocheaza-reabilitarea-scolii-i-g-duca-reactia-lui-piedone","status":"publish","type":"post","link":"https:\/\/www.newsrecorder.ro\/app\/2026\/02\/20\/ciprian-ciucu-deblocheaza-reabilitarea-scolii-i-g-duca-reactia-lui-piedone\/","title":{"rendered":"Ciprian Ciucu deblocheaz\u0103 reabilitarea \u0218colii I.G. Duca! Reac\u021bia lui Piedone"},"content":{"rendered":"<p>Dup\u0103 o lung\u0103 perioad\u0103 de a\u0219teptare \u0219i \u00eent\u00e2rzieri cauzate de birocra\u021bie, primarul Sectorului 5, Vlad Popescu Piedone, a anun\u021bat cu entuziasm c\u0103 lucr\u0103rile de consolidare a \u0218colii Gimnaziale \u201eI.G. Duca\u201d au fost deblocate. \u00centr-un mesaj publicat pe re\u021belele sociale, acesta a subliniat importan\u021ba unei \u00eent\u00e2lniri directe cu primarul general al Capitalei, Ciprian Ciucu, care a dus la ob\u021binerea avizului necesar pentru demararea lucr\u0103rilor. \u201eEste un pas esen\u021bial f\u0103r\u0103 de care proiectul nu putea fi demarat\u201d, a declarat Piedone.<\/p>\n<p>\u0218coala I.G. Duca se afl\u0103 \u00een clasa de risc seismic II, ceea ce a determinat relocarea temporar\u0103 a elevilor. Primarul a asigurat c\u0103 procesul educa\u021bional a fost continuat \u00een condi\u021bii de siguran\u021b\u0103 pe toat\u0103 durata reloc\u0103rii.<\/p>\n<p>Piedone a anun\u021bat c\u0103 lucr\u0103rile vor include consolidarea structural\u0103 a cl\u0103dirii, reabilitarea complet\u0103 a acesteia, precum \u0219i extinderea \u0219i modernizarea unit\u0103\u021bii de \u00eenv\u0103\u021b\u0103m\u00e2nt. \u201eMul\u021bumesc primarului general al Capitalei, care a pus pe lista de priorit\u0103\u021bi educa\u021bia copiilor din Sectorul 5\u201d, a ad\u0103ugat el.<\/p>\n<p>\u00cen cadrul unei declara\u021bii anterioare, primarul general Ciprian Ciucu a confirmat semnarea autoriza\u021biei necesare, men\u021bion\u00e2nd c\u0103 a discutat cu p\u0103rin\u021bi \u0219i profesori ai \u0219colii, care \u00ee\u0219i doresc ca elevii s\u0103 se \u00eentoarc\u0103 c\u00e2t mai cur\u00e2nd \u00een s\u0103lile de clas\u0103. \u201eEste doar normal s\u0103 aju\u021bi alte prim\u0103rii \u00een activitatea lor, o faci pentru oameni\u201d, a subliniat Ciucu.<\/p>\n<p>De asemenea, Ciucu a explicat c\u0103 procesul de autorizare a fost \u00eent\u00e2rziat din cauza unor probleme legate de documenta\u021bia de construc\u021bie, care era slab \u00eentocmit\u0103 \u0219i blocat\u0103 de mai mul\u021bi ani. El a ad\u0103ugat c\u0103 serviciul arhitectului-\u0219ef din cadrul Prim\u0103riei Municipiului Bucure\u0219ti a convocat reprezentan\u021bi ai Prim\u0103riei Sectorului 5 pentru a le oferi indica\u021bii clare despre cerin\u021bele legale necesare pentru finalizarea documenta\u021biei.<\/p>\n<p>\u00cenc\u0103 din luna august a anului trecut, Prim\u0103ria Sectorului 5, sub conducerea lui Vlad Popescu Piedone, a solicitat Prim\u0103riei Municipiului Bucure\u0219ti s\u0103 gr\u0103beasc\u0103 semnarea documentelor necesare pentru reabilitarea unit\u0103\u021bilor de \u00eenv\u0103\u021b\u0103m\u00e2nt din sector, demonstr\u00e2nd astfel angajamentul fa\u021b\u0103 de educa\u021bia \u0219i siguran\u021ba copiilor din comunitate.<\/p>\n","protected":false},"excerpt":{"rendered":"<p>Dup\u0103 o lung\u0103 perioad\u0103 de a\u0219teptare \u0219i \u00eent\u00e2rzieri cauzate de birocra\u021bie, primarul Sectorului 5, Vlad Popescu Piedone, a anun\u021bat cu entuziasm c\u0103 lucr\u0103rile de consolidare a \u0218colii Gimnaziale \u201eI.G. Duca\u201d au fost deblocate. \u00centr-un mesaj publicat pe re\u021belele sociale, acesta a subliniat importan\u021ba unei \u00eent\u00e2lniri directe cu primarul general al Capitalei, Ciprian Ciucu, care a [&hellip;]<\/p>\n","protected":false},"author":2,"featured_media":4175,"comment_status":"open","ping_status":"open","sticky":false,"template":"","format":"standard","meta":{"jnews-multi-image_gallery":[],"jnews_single_post":[],"jnews_primary_category":[],"jnews_override_counter":[],"footnotes":""},"categories":[42],"tags":[6561,266,620,1045,6564,6563,6560,6562],"class_list":["post-4174","post","type-post","status-publish","format-standard","has-post-thumbnail","hentry","category-politica","tag-consolidare","tag-educatie","tag-lucrari","tag-primar","tag-relocare","tag-risc-seismic","tag-scoala-ig-duca","tag-vlad-popescu-piedone"],"_links":{"self":[{"href":"https:\/\/www.newsrecorder.ro\/app\/wp-json\/wp\/v2\/posts\/4174","targetHints":{"allow":["GET"]}}],"collection":[{"href":"https:\/\/www.newsrecorder.ro\/app\/wp-json\/wp\/v2\/posts"}],"about":[{"href":"https:\/\/www.newsrecorder.ro\/app\/wp-json\/wp\/v2\/types\/post"}],"author":[{"embeddable":true,"href":"https:\/\/www.newsrecorder.ro\/app\/wp-json\/wp\/v2\/users\/2"}],"replies":[{"embeddable":true,"href":"https:\/\/www.newsrecorder.ro\/app\/wp-json\/wp\/v2\/comments?post=4174"}],"version-history":[{"count":0,"href":"https:\/\/www.newsrecorder.ro\/app\/wp-json\/wp\/v2\/posts\/4174\/revisions"}],"wp:featuredmedia":[{"embeddable":true,"href":"https:\/\/www.newsrecorder.ro\/app\/wp-json\/wp\/v2\/media\/4175"}],"wp:attachment":[{"href":"https:\/\/www.newsrecorder.ro\/app\/wp-json\/wp\/v2\/media?parent=4174"}],"wp:term":[{"taxonomy":"category","embeddable":true,"href":"https:\/\/www.newsrecorder.ro\/app\/wp-json\/wp\/v2\/categories?post=4174"},{"taxonomy":"post_tag","embeddable":true,"href":"https:\/\/www.newsrecorder.ro\/app\/wp-json\/wp\/v2\/tags?post=4174"}],"curies":[{"name":"wp","href":"https:\/\/api.w.org\/{rel}","templated":true}]}}