{"id":4182,"date":"2026-02-20T16:41:40","date_gmt":"2026-02-20T16:41:40","guid":{"rendered":"https:\/\/www.newsrecorder.ro\/app\/2026\/02\/20\/trump-se-pregateste-de-o-vizita-cruciala-in-china-in-martie\/"},"modified":"2026-02-20T16:41:40","modified_gmt":"2026-02-20T16:41:40","slug":"trump-se-pregateste-de-o-vizita-cruciala-in-china-in-martie","status":"publish","type":"post","link":"https:\/\/www.newsrecorder.ro\/app\/2026\/02\/20\/trump-se-pregateste-de-o-vizita-cruciala-in-china-in-martie\/","title":{"rendered":"Trump se preg\u0103te\u0219te de o vizit\u0103 crucial\u0103 \u00een China \u00een martie!"},"content":{"rendered":"<p>Vizita pre\u0219edintelui Trump \u00een China, programat\u0103 \u00eentre 31 martie \u0219i 2 aprilie, a fost confirmat\u0103 de un oficial de la Casa Alb\u0103, conform informa\u021biilor furnizate de <a style=\"color: #0000ff\" href=\"https:\/\/www.reuters.com\/world\/china\/trump-travel-china-march-31-april-2-amid-trade-tensions-2026-02-20\/\">Reuters<\/a>.<\/p>\n<p>Acest eveniment va avea loc \u00eentr-un context delicat al rela\u021biilor bilaterale, av\u00e2nd \u00een vedere c\u0103 se desf\u0103\u0219oar\u0103 negocieri pentru posibilitatea extinderii unui armisti\u021biu comercial care a condus la suspendarea escalad\u0103rii tarifelor vamale.<\/p>\n<p>\u00cen cadrul primei reuniuni a Consiliului P\u0103cii, care a avut loc joi, Trump a descris vizita ca fiind una de amploare, afirm\u00e2nd: \u201eTrebuie s\u0103 v\u0103 prezent\u0103m cea mai mare demonstra\u021bie pe care a\u021bi avut-o vreodat\u0103 \u00een istoria Chinei\u201d.<\/p>\n<p>Aceast\u0103 \u00eent\u00e2lnire de la sf\u00e2r\u0219itul lunii martie va marca prima rund\u0103 de discu\u021bii \u00eentre cei doi lideri de la \u00eenceputul lunii februarie \u0219i prima \u00eent\u00e2lnire fa\u021b\u0103 \u00een fa\u021b\u0103 de la reuniunea din octombrie, care a avut loc \u00een Coreea de Sud.<\/p>\n<p>\u00cen cadrul \u00eent\u00e2lnirii din octombrie, pre\u0219edintele Trump a decis s\u0103 renun\u021be la o parte din tarifele impuse Chinei, \u00een schimbul unor concesii importante, printre care angajamentele clare de combatere a traficului de fentanil, reluarea achizi\u021biilor de soia american\u0103 \u0219i men\u021binerea exporturilor de minerale rare.<\/p>\n<p>De asemenea, la \u00eenceputul lunii februarie, Trump \u0219i Xi Jinping au discutat \u0219i despre situa\u021bia Taiwanului, Xi exprim\u00e2ndu-\u0219i nemul\u021bumirea fa\u021b\u0103 de v\u00e2nz\u0103rile de arme americane c\u0103tre insul\u0103, \u00een contextul \u00een care, \u00een decembrie, administra\u021bia american\u0103 a anun\u021bat cel mai mare pachet de v\u00e2nz\u0103ri de armament c\u0103tre Taiwan, \u00een valoare de 11,1 miliarde de dolari.<\/p>\n","protected":false},"excerpt":{"rendered":"<p>Vizita pre\u0219edintelui Trump \u00een China, programat\u0103 \u00eentre 31 martie \u0219i 2 aprilie, a fost confirmat\u0103 de un oficial de la Casa Alb\u0103, conform informa\u021biilor furnizate de Reuters. Acest eveniment va avea loc \u00eentr-un context delicat al rela\u021biilor bilaterale, av\u00e2nd \u00een vedere c\u0103 se desf\u0103\u0219oar\u0103 negocieri pentru posibilitatea extinderii unui armisti\u021biu comercial care a condus la [&hellip;]<\/p>\n","protected":false},"author":2,"featured_media":4183,"comment_status":"open","ping_status":"open","sticky":false,"template":"","format":"standard","meta":{"jnews-multi-image_gallery":[],"jnews_single_post":[],"jnews_primary_category":[],"jnews_override_counter":[],"footnotes":""},"categories":[41],"tags":[6571,1459,5415,2608,1324,6572,1735,6570],"class_list":["post-4182","post","type-post","status-publish","format-standard","has-post-thumbnail","hentry","category-externe","tag-armistitiu-comercial","tag-china","tag-consiliul-pacii","tag-intalnire","tag-relatii-bilaterale","tag-tarif-vamal","tag-trump","tag-vizita"],"_links":{"self":[{"href":"https:\/\/www.newsrecorder.ro\/app\/wp-json\/wp\/v2\/posts\/4182","targetHints":{"allow":["GET"]}}],"collection":[{"href":"https:\/\/www.newsrecorder.ro\/app\/wp-json\/wp\/v2\/posts"}],"about":[{"href":"https:\/\/www.newsrecorder.ro\/app\/wp-json\/wp\/v2\/types\/post"}],"author":[{"embeddable":true,"href":"https:\/\/www.newsrecorder.ro\/app\/wp-json\/wp\/v2\/users\/2"}],"replies":[{"embeddable":true,"href":"https:\/\/www.newsrecorder.ro\/app\/wp-json\/wp\/v2\/comments?post=4182"}],"version-history":[{"count":0,"href":"https:\/\/www.newsrecorder.ro\/app\/wp-json\/wp\/v2\/posts\/4182\/revisions"}],"wp:featuredmedia":[{"embeddable":true,"href":"https:\/\/www.newsrecorder.ro\/app\/wp-json\/wp\/v2\/media\/4183"}],"wp:attachment":[{"href":"https:\/\/www.newsrecorder.ro\/app\/wp-json\/wp\/v2\/media?parent=4182"}],"wp:term":[{"taxonomy":"category","embeddable":true,"href":"https:\/\/www.newsrecorder.ro\/app\/wp-json\/wp\/v2\/categories?post=4182"},{"taxonomy":"post_tag","embeddable":true,"href":"https:\/\/www.newsrecorder.ro\/app\/wp-json\/wp\/v2\/tags?post=4182"}],"curies":[{"name":"wp","href":"https:\/\/api.w.org\/{rel}","templated":true}]}}