{"id":4190,"date":"2026-02-20T16:42:40","date_gmt":"2026-02-20T16:42:40","guid":{"rendered":"https:\/\/www.newsrecorder.ro\/app\/2026\/02\/20\/friedrich-merz-lupta-impotriva-extremei-drepte-in-noua-realitate-globala\/"},"modified":"2026-02-20T16:42:40","modified_gmt":"2026-02-20T16:42:40","slug":"friedrich-merz-lupta-impotriva-extremei-drepte-in-noua-realitate-globala","status":"publish","type":"post","link":"https:\/\/www.newsrecorder.ro\/app\/2026\/02\/20\/friedrich-merz-lupta-impotriva-extremei-drepte-in-noua-realitate-globala\/","title":{"rendered":"Friedrich Merz: Lupta \u00eempotriva extremei drepte \u00een noua realitate global\u0103"},"content":{"rendered":"<p>Cancelarul german Friedrich Merz a afirmat vineri c\u0103 nu va permite ca partidul de extrem\u0103 dreapt\u0103 Alternativa pentru Germania (AfD) s\u0103 \u201eruine\u201d Germania. Aceast\u0103 declara\u021bie a fost f\u0103cut\u0103 \u00een contextul unei \u00eent\u00e2lniri cu colegii s\u0103i din Uniunea Cre\u0219tin-Democrat\u0103 (CDU), care a avut loc la Stuttgart, conform <a href=\"https:\/\/www.reuters.com\/world\/europe\/germanys-merz-vows-keep-out-far-right-he-warns-changed-world-2026-02-20\/\">Reuters<\/a>.<\/p>\n<p>\u00cen discursul s\u0103u, Merz a subliniat importan\u021ba adapt\u0103rii \u021b\u0103rii la o lume \u00een care rivalit\u0103\u021bile dintre marile puteri devin din ce \u00een ce mai evidente. Ideile prezentate de el au fost \u00een concordan\u021b\u0103 cu cele discutate la Conferin\u021ba de Securitate de la M\u00fcnchen, \u0219i au cuprins subiecte precum relansarea economiei, combaterea antisemitismului \u0219i respingerea colabor\u0103rii cu AfD.<\/p>\n<p>\u201eNu le vom permite acestor oameni din a\u0219a-numita Alternativ\u0103 pentru Germania s\u0103 ne ruineze \u021bara\u201d, a declarat Merz \u00een fa\u021ba delega\u021bilor partidului, reafirm\u00e2nd angajamentul CDU de a se distan\u021ba de extrema dreapt\u0103.<\/p>\n<p>De asemenea, cancelarului a recunoscut c\u0103 reformele promise \u00een campania electoral\u0103 de anul trecut au avansat mai lent dec\u00e2t s-ar fi a\u0219teptat, conform criticilor din spa\u021biul public. Totu\u0219i, el a afirmat c\u0103 va continua s\u0103 lucreze la reducerea birocra\u021biei \u0219i la sc\u0103derea pre\u021burilor la energie, printre alte m\u0103suri.<\/p>\n<p>Merz a anun\u021bat \u0219i inten\u021bia de a introduce schimb\u0103ri \u00een sistemul social, inclusiv noi propuneri pentru reforma pensiilor, \u00een urma tensiunilor ap\u0103rute \u00een partid anul trecut, mai ales \u00een r\u00e2ndul membrilor tineri, pe parcursul dezbaterilor parlamentare.<\/p>\n<p>Pe de alt\u0103 parte, calendarul electoral se va deschide luna viitoare cu scrutinuri \u00een Baden-Wuerttemberg \u0219i Renania-Palatinat, urmate de alte alegeri programate pe parcursul anului, inclusiv \u00een Saxonia-Anhalt, unde AfD sper\u0103 s\u0103 ob\u021bin\u0103 primul s\u0103u succes \u00een cadrul unui scrutin de stat.<\/p>\n","protected":false},"excerpt":{"rendered":"<p>Cancelarul german Friedrich Merz a afirmat vineri c\u0103 nu va permite ca partidul de extrem\u0103 dreapt\u0103 Alternativa pentru Germania (AfD) s\u0103 \u201eruine\u201d Germania. Aceast\u0103 declara\u021bie a fost f\u0103cut\u0103 \u00een contextul unei \u00eent\u00e2lniri cu colegii s\u0103i din Uniunea Cre\u0219tin-Democrat\u0103 (CDU), care a avut loc la Stuttgart, conform Reuters. \u00cen discursul s\u0103u, Merz a subliniat importan\u021ba adapt\u0103rii [&hellip;]<\/p>\n","protected":false},"author":2,"featured_media":4191,"comment_status":"open","ping_status":"open","sticky":false,"template":"","format":"standard","meta":{"jnews-multi-image_gallery":[],"jnews_single_post":[],"jnews_primary_category":[],"jnews_override_counter":[],"footnotes":""},"categories":[41],"tags":[6580,6583,6582,780,6581,676,6579,874],"class_list":["post-4190","post","type-post","status-publish","format-standard","has-post-thumbnail","hentry","category-externe","tag-afd","tag-antisemitism","tag-cdu","tag-economie","tag-extrema-dreapta","tag-germania","tag-merkel","tag-securitate"],"_links":{"self":[{"href":"https:\/\/www.newsrecorder.ro\/app\/wp-json\/wp\/v2\/posts\/4190","targetHints":{"allow":["GET"]}}],"collection":[{"href":"https:\/\/www.newsrecorder.ro\/app\/wp-json\/wp\/v2\/posts"}],"about":[{"href":"https:\/\/www.newsrecorder.ro\/app\/wp-json\/wp\/v2\/types\/post"}],"author":[{"embeddable":true,"href":"https:\/\/www.newsrecorder.ro\/app\/wp-json\/wp\/v2\/users\/2"}],"replies":[{"embeddable":true,"href":"https:\/\/www.newsrecorder.ro\/app\/wp-json\/wp\/v2\/comments?post=4190"}],"version-history":[{"count":0,"href":"https:\/\/www.newsrecorder.ro\/app\/wp-json\/wp\/v2\/posts\/4190\/revisions"}],"wp:featuredmedia":[{"embeddable":true,"href":"https:\/\/www.newsrecorder.ro\/app\/wp-json\/wp\/v2\/media\/4191"}],"wp:attachment":[{"href":"https:\/\/www.newsrecorder.ro\/app\/wp-json\/wp\/v2\/media?parent=4190"}],"wp:term":[{"taxonomy":"category","embeddable":true,"href":"https:\/\/www.newsrecorder.ro\/app\/wp-json\/wp\/v2\/categories?post=4190"},{"taxonomy":"post_tag","embeddable":true,"href":"https:\/\/www.newsrecorder.ro\/app\/wp-json\/wp\/v2\/tags?post=4190"}],"curies":[{"name":"wp","href":"https:\/\/api.w.org\/{rel}","templated":true}]}}