{"id":4192,"date":"2026-02-20T16:42:53","date_gmt":"2026-02-20T16:42:53","guid":{"rendered":"https:\/\/www.newsrecorder.ro\/app\/2026\/02\/20\/x-ataca-in-instanta-amenda-de-120-milioane-euro-de-la-ue\/"},"modified":"2026-02-20T16:42:53","modified_gmt":"2026-02-20T16:42:53","slug":"x-ataca-in-instanta-amenda-de-120-milioane-euro-de-la-ue","status":"publish","type":"post","link":"https:\/\/www.newsrecorder.ro\/app\/2026\/02\/20\/x-ataca-in-instanta-amenda-de-120-milioane-euro-de-la-ue\/","title":{"rendered":"X atac\u0103 \u00een instan\u021b\u0103 amenda de 120 milioane euro de la UE!"},"content":{"rendered":"<p>Compania X a reac\u021bionat vineri la decizia Uniunii Europene, denun\u021b\u00e2nd-o ca rezultatul unei anchete incomplete \u0219i superficiale, caracterizat\u0103 de grave erori procedurale. Reprezentan\u021bii companiei au afirmat c\u0103 interpretarea obliga\u021biilor stabilite \u00een cadrul Digital Services Act (DSA) a fost for\u021bat\u0103 \u0219i c\u0103 s-au \u00eenregistrat \u00eenc\u0103lc\u0103ri sistematice ale dreptului la ap\u0103rare, precum \u0219i ale cerin\u021belor fundamentale de respectare a garan\u021biilor procesuale, ceea ce sugereaz\u0103 o p\u0103rtinire din partea procurorului. Aceasta a fost comunicat\u0103 printr-un mesaj pe re\u021belele de socializare, fiind citat\u0103 de <a style=\"color: #0000ff\" href=\"https:\/\/www.politico.eu\/article\/x-challenges-e120-million-fine\/\">Politico<\/a>.<\/p>\n<p>Amenda a fost impus\u0103 \u00een decembrie anul trecut \u0219i reprezint\u0103 prima sanc\u021biune aplicat\u0103 sub auspiciile DSA, marc\u00e2nd o escaladare a tensiunilor existente \u00eentre Uniunea European\u0103 \u0219i Statele Unite cu privire la reglementarea gigantilor tehnologici.<\/p>\n<p>Decizia de a aplica amenda a fost luat\u0103 de Comisia European\u0103, care a constatat c\u0103 platforma a \u00eenc\u0103lcat mai multe cerin\u021be esen\u021biale ale DSA. Printre acestea se num\u0103r\u0103 probleme legate de sistemul de verificare, pe care UE l-a considerat ilegal \u0219i \u00een\u0219el\u0103tor, dar \u0219i nerespectarea normelor de transparen\u021b\u0103 impuse de DSA \u00een ceea ce prive\u0219te arhiva publicitar\u0103 a platformei.<\/p>\n<p>\u00cen cursul zilei de luni, au fost depuse trei ac\u021biuni \u00een justi\u021bie \u00eempotriva Comisiei Europene la Curtea de Justi\u021bie a Uniunii Europene. Aceste ac\u021biuni au fost ini\u021biate de X Internet Unlimited Company \u0219i X Holdings, de xAI Holdings, iar o a treia ac\u021biune pare s\u0103 fi fost introdus\u0103 chiar de Elon Musk. Amenda a fost impus\u0103 tuturor acestor entit\u0103\u021bi.<\/p>\n<p>Referitor la apelul formulat, compania X a subliniat c\u0103 \u201eacest caz istoric reprezint\u0103 prima contestare judiciar\u0103 a unei amenzi DSA \u0219i ar putea crea precedente importante pentru aplicarea legii, calcularea sanc\u021biunilor \u0219i protec\u021bia drepturilor fundamentale \u00een conformitate cu regulamentul din 2022\u201d.<\/p>\n<p>&nbsp;<\/p>\n","protected":false},"excerpt":{"rendered":"<p>Compania X a reac\u021bionat vineri la decizia Uniunii Europene, denun\u021b\u00e2nd-o ca rezultatul unei anchete incomplete \u0219i superficiale, caracterizat\u0103 de grave erori procedurale. Reprezentan\u021bii companiei au afirmat c\u0103 interpretarea obliga\u021biilor stabilite \u00een cadrul Digital Services Act (DSA) a fost for\u021bat\u0103 \u0219i c\u0103 s-au \u00eenregistrat \u00eenc\u0103lc\u0103ri sistematice ale dreptului la ap\u0103rare, precum \u0219i ale cerin\u021belor fundamentale de [&hellip;]<\/p>\n","protected":false},"author":2,"featured_media":4193,"comment_status":"open","ping_status":"open","sticky":false,"template":"","format":"standard","meta":{"jnews-multi-image_gallery":[],"jnews_single_post":[],"jnews_primary_category":[],"jnews_override_counter":[],"footnotes":""},"categories":[41],"tags":[2307,6585,6584,6587,6588,6586,2894,321],"class_list":["post-4192","post","type-post","status-publish","format-standard","has-post-thumbnail","hentry","category-externe","tag-amenda","tag-compania-x","tag-digital-services-act","tag-dreptul-la-aparare","tag-erori-procedurale","tag-reglementare-tehnologii","tag-tensiuni-internationale","tag-uniunea-europeana"],"_links":{"self":[{"href":"https:\/\/www.newsrecorder.ro\/app\/wp-json\/wp\/v2\/posts\/4192","targetHints":{"allow":["GET"]}}],"collection":[{"href":"https:\/\/www.newsrecorder.ro\/app\/wp-json\/wp\/v2\/posts"}],"about":[{"href":"https:\/\/www.newsrecorder.ro\/app\/wp-json\/wp\/v2\/types\/post"}],"author":[{"embeddable":true,"href":"https:\/\/www.newsrecorder.ro\/app\/wp-json\/wp\/v2\/users\/2"}],"replies":[{"embeddable":true,"href":"https:\/\/www.newsrecorder.ro\/app\/wp-json\/wp\/v2\/comments?post=4192"}],"version-history":[{"count":0,"href":"https:\/\/www.newsrecorder.ro\/app\/wp-json\/wp\/v2\/posts\/4192\/revisions"}],"wp:featuredmedia":[{"embeddable":true,"href":"https:\/\/www.newsrecorder.ro\/app\/wp-json\/wp\/v2\/media\/4193"}],"wp:attachment":[{"href":"https:\/\/www.newsrecorder.ro\/app\/wp-json\/wp\/v2\/media?parent=4192"}],"wp:term":[{"taxonomy":"category","embeddable":true,"href":"https:\/\/www.newsrecorder.ro\/app\/wp-json\/wp\/v2\/categories?post=4192"},{"taxonomy":"post_tag","embeddable":true,"href":"https:\/\/www.newsrecorder.ro\/app\/wp-json\/wp\/v2\/tags?post=4192"}],"curies":[{"name":"wp","href":"https:\/\/api.w.org\/{rel}","templated":true}]}}