{"id":4210,"date":"2026-02-20T16:46:16","date_gmt":"2026-02-20T16:46:16","guid":{"rendered":"https:\/\/www.newsrecorder.ro\/app\/2026\/02\/20\/jpmorgan-amendata-cu-122-milioane-de-euro-de-bce-pentru-erori-financiare\/"},"modified":"2026-02-20T16:46:16","modified_gmt":"2026-02-20T16:46:16","slug":"jpmorgan-amendata-cu-122-milioane-de-euro-de-bce-pentru-erori-financiare","status":"publish","type":"post","link":"https:\/\/www.newsrecorder.ro\/app\/2026\/02\/20\/jpmorgan-amendata-cu-122-milioane-de-euro-de-bce-pentru-erori-financiare\/","title":{"rendered":"JPMorgan, amendat\u0103 cu 12,2 milioane de euro de BCE pentru erori financiare!"},"content":{"rendered":"<p>Banca Central\u0103 European\u0103 (BCE) a impus o sanc\u021biune de 12,18 milioane de euro diviziei europene a JPMorgan, dup\u0103 ce banca a furnizat informa\u021bii eronate referitoare la cerin\u021bele de capital, conform unui raport publicat de <a href=\"https:\/\/www.reuters.com\/legal\/government\/ecb-fines-jpmorgan-122-mln-euros-misreporting-capital-requirements-2026-02-19\/\">Reuters<\/a>.<\/p>\n<p>\u00centr-un comunicat oficial emis joi, BCE a explicat c\u0103 JPMorgan a calculat gre\u0219it activele ponderate la risc. \u00centre anii 2019 \u0219i 2024, banca a raportat valori subestimate pentru aceste active, ceea ce se datoreaz\u0103 clasific\u0103rii necorespunz\u0103toare a expunerilor corporative. Aceasta a aplicat o pondere de risc mai sc\u0103zut\u0103 pentru riscul de credit dec\u00e2t cea impus\u0103 de reglement\u0103rile bancare.<\/p>\n<p>Mai mult, BCE a subliniat c\u0103, f\u0103r\u0103 o justificare adecvat\u0103, JPMorgan a omis anumite tranzac\u021bii din calculul activelor ponderate la risc. Aceast\u0103 decizie poate fi contestat\u0103 la Curtea de Justi\u021bie a Uniunii Europene. Reprezentan\u021bii JPMorgan au declarat joi c\u0103 au acceptat amenda \u0219i c\u0103 au luat m\u0103suri pentru corectarea situa\u021biei.<\/p>\n<p>Un purt\u0103tor de cuv\u00e2nt al JPMorgan a declarat: \u201eJ.P. Morgan SE a identificat \u0219i a raportat proactiv problemele, care au fost acum complet remediate. JPMSE a men\u021binut constant rezerve de capital solide, iar abordarea noastr\u0103 robust\u0103 \u0219i prudent\u0103 \u00een ceea ce prive\u0219te capitalizarea r\u0103m\u00e2ne neschimbat\u0103.\u201d<\/p>\n","protected":false},"excerpt":{"rendered":"<p>Banca Central\u0103 European\u0103 (BCE) a impus o sanc\u021biune de 12,18 milioane de euro diviziei europene a JPMorgan, dup\u0103 ce banca a furnizat informa\u021bii eronate referitoare la cerin\u021bele de capital, conform unui raport publicat de Reuters. \u00centr-un comunicat oficial emis joi, BCE a explicat c\u0103 JPMorgan a calculat gre\u0219it activele ponderate la risc. \u00centre anii 2019 [&hellip;]<\/p>\n","protected":false},"author":4,"featured_media":4211,"comment_status":"open","ping_status":"open","sticky":false,"template":"","format":"standard","meta":{"jnews-multi-image_gallery":[],"jnews_single_post":[],"jnews_primary_category":[],"jnews_override_counter":[],"footnotes":""},"categories":[40],"tags":[6619,695,6617,4475,6621,6618,6620,6399],"class_list":["post-4210","post","type-post","status-publish","format-standard","has-post-thumbnail","hentry","category-econonie","tag-active-ponderate-la-risc","tag-banca-centrala-europeana","tag-bce","tag-capital","tag-curtea-de-justitie-a-uniunii-europene","tag-jpmorgan","tag-reglementari-bancare","tag-sanctiune"],"_links":{"self":[{"href":"https:\/\/www.newsrecorder.ro\/app\/wp-json\/wp\/v2\/posts\/4210","targetHints":{"allow":["GET"]}}],"collection":[{"href":"https:\/\/www.newsrecorder.ro\/app\/wp-json\/wp\/v2\/posts"}],"about":[{"href":"https:\/\/www.newsrecorder.ro\/app\/wp-json\/wp\/v2\/types\/post"}],"author":[{"embeddable":true,"href":"https:\/\/www.newsrecorder.ro\/app\/wp-json\/wp\/v2\/users\/4"}],"replies":[{"embeddable":true,"href":"https:\/\/www.newsrecorder.ro\/app\/wp-json\/wp\/v2\/comments?post=4210"}],"version-history":[{"count":0,"href":"https:\/\/www.newsrecorder.ro\/app\/wp-json\/wp\/v2\/posts\/4210\/revisions"}],"wp:featuredmedia":[{"embeddable":true,"href":"https:\/\/www.newsrecorder.ro\/app\/wp-json\/wp\/v2\/media\/4211"}],"wp:attachment":[{"href":"https:\/\/www.newsrecorder.ro\/app\/wp-json\/wp\/v2\/media?parent=4210"}],"wp:term":[{"taxonomy":"category","embeddable":true,"href":"https:\/\/www.newsrecorder.ro\/app\/wp-json\/wp\/v2\/categories?post=4210"},{"taxonomy":"post_tag","embeddable":true,"href":"https:\/\/www.newsrecorder.ro\/app\/wp-json\/wp\/v2\/tags?post=4210"}],"curies":[{"name":"wp","href":"https:\/\/api.w.org\/{rel}","templated":true}]}}