{"id":4222,"date":"2026-02-20T17:12:12","date_gmt":"2026-02-20T17:12:12","guid":{"rendered":"https:\/\/www.newsrecorder.ro\/app\/2026\/02\/20\/anre-invinge-din-nou-litigiu-castigat-in-scandalul-salariilor-taiate\/"},"modified":"2026-02-20T17:12:12","modified_gmt":"2026-02-20T17:12:12","slug":"anre-invinge-din-nou-litigiu-castigat-in-scandalul-salariilor-taiate","status":"publish","type":"post","link":"https:\/\/www.newsrecorder.ro\/app\/2026\/02\/20\/anre-invinge-din-nou-litigiu-castigat-in-scandalul-salariilor-taiate\/","title":{"rendered":"ANRE \u00eenvinge din nou: Litigiu c\u00e2\u0219tigat \u00een scandalul salariilor t\u0103iate!"},"content":{"rendered":"<p>Un angajat al Autorit\u0103\u021bii Na\u021bionale de Reglementare \u00een Domeniul Energiei (ANRE) a pierdut, luni, procesul prin care solicita suspendarea reorganiz\u0103rii \u0219i re\u00eencadr\u0103rii sale pe un post inferior, conform informa\u021biilor furnizate de Mediafax. Aceasta vine la zece zile dup\u0103 ce angaja\u021bii ANRE au suferit o reducere a salariilor.<\/p>\n<p>Decizia instan\u021bei de la Curtea de Apel Bucure\u0219ti a fost o victorie pentru echipa juridic\u0103 a ANRE, care a reu\u0219it s\u0103 ob\u021bin\u0103 respingerea cererii de suspendare a re\u00eencadr\u0103rii. Aceasta cerea, pe l\u00e2ng\u0103 suspendarea reorganiz\u0103rii, \u0219i anularea deciziei de re\u00eencadrare pe un post cu un salariu mai mic. Sentin\u021ba nu este definitiv\u0103, ceea ce \u00eenseamn\u0103 c\u0103 pot exista alte apeluri \u00een acest caz.<\/p>\n<p>Angajatul a chemat \u00een judecat\u0103 at\u00e2t institu\u021bia ANRE, c\u00e2t \u0219i pre\u0219edintele acesteia, solicit\u00e2nd ca pe data de 15 ianuarie s\u0103 se suspende aplicarea deciziei de re\u00eencadrare.<\/p>\n<p>\u201eTip solu\u021bie: Respinge cererea de suspendare. Solu\u021bia pe scurt: Admite excep\u021bia lipsei calit\u0103\u021bii procesuale pasive a p\u00e2r\u00e2tului Pre\u0219edintele Autorit\u0103\u021bii Na\u021bionale de Reglementare \u00een Domeniul Energiei. Respinge excep\u021biile lipsei de interes \u0219i inadmisibilit\u0103\u021bii, ca ne\u00eentemeiate. Respinge cererea formulat\u0103 \u00een contradictoriu cu p\u00e2r\u00e2tul Pre\u0219edintele Autorit\u0103\u021bii Na\u021bionale de Reglementare \u00een Domeniul Energiei, ca fiind introdus\u0103 \u00eempotriva unei persoane f\u0103r\u0103 calitate procesual\u0103 pasiv\u0103. Respinge \u00een rest cererea de suspendare, ca ne\u00eentemeiat\u0103. Cu drept de a formula recurs \u00een termen de 5 zile de la comunicare, cerere care se va depune la Curtea de Apel Bucure\u0219ti \u2013 Sec\u021bia a VIII-a Contencios Administrativ \u0219i Fiscal. Pronun\u021bat\u0103 ast\u0103zi, 20.02.2026, prin punerea solu\u021biei la dispozi\u021bia p\u0103r\u021bilor prin mijlocirea grefei instan\u021bei\u201d, se precizeaz\u0103 \u00een solu\u021bia publicat\u0103 pe portalul instan\u021belor.<\/p>\n<p>Legea nr. 145\/2025, care a generat aceste t\u0103ieri de salarii, a fost contestat\u0103 de angaja\u021bii ANRE, care au depus, pe 8 ianuarie, o ac\u021biune \u00een instan\u021b\u0103 pentru a suspenda executarea ordinelor ce au dus la reducerea salariilor \u00eencep\u00e2nd cu 1 ianuarie. Aceast\u0103 reorganizare a fost impus\u0103 de legisla\u021bia men\u021bionat\u0103, care vizeaz\u0103 eficientizarea activit\u0103\u021bii autorit\u0103\u021bilor administrative autonome.<\/p>\n<p>Printre cei peste o sut\u0103 de angaja\u021bi ai ANRE care au decis s\u0103 conteste institu\u021bia se num\u0103r\u0103 \u0219i familii, so\u021b-so\u021bie, care afirm\u0103 c\u0103 aceste t\u0103ieri de salarii \u0219i re\u00eencadr\u0103ri pe pozi\u021bii inferioare reprezint\u0103 un act de \u201eviolen\u021b\u0103 economic\u0103\u201d. Ace\u0219tia sus\u021bin c\u0103 m\u0103surile vor genera dificult\u0103\u021bi financiare semnificative, afect\u00e2ndu-le capacitatea de a pl\u0103ti ratele la credite, cheltuielile medicale \u0219i taxe \u0219colare pentru copii, conform documentelor judiciare consultate de reporterii Mediafax.<\/p>\n<p>De asemenea, angaja\u021bii au pierdut \u00een prim\u0103 instan\u021b\u0103, \u00eens\u0103 au posibilitatea de a face apel. Legea care a dus la aceste modific\u0103ri a fost atacat\u0103 la Curtea Constitu\u021bional\u0103 a Rom\u00e2niei \u0219i a fost declarat\u0103 constitu\u021bional\u0103 \u00een luna septembrie, viz\u00e2nd nu doar ANRE, ci \u0219i Autoritatea de Supraveghere Financiar\u0103 (ASF) \u0219i Autoritatea Na\u021bional\u0103 pentru Administrare \u0219i Reglementare \u00een Comunica\u021bii (ANCOM).<\/p>\n<p>Potrivit conducerii ANRE, to\u021bi angaja\u021bii au suferit o reducere a salariilor de 30%, inclusiv cei din conducere, iar 14 angaja\u021bi au fost concedia\u021bi, dintre care nou\u0103 cu preaviz \u0219i cinci cu acordul p\u0103r\u021bilor, conform informa\u021biilor disponibile prin Mediafax.<\/p>\n","protected":false},"excerpt":{"rendered":"<p>Un angajat al Autorit\u0103\u021bii Na\u021bionale de Reglementare \u00een Domeniul Energiei (ANRE) a pierdut, luni, procesul prin care solicita suspendarea reorganiz\u0103rii \u0219i re\u00eencadr\u0103rii sale pe un post inferior, conform informa\u021biilor furnizate de Mediafax. Aceasta vine la zece zile dup\u0103 ce angaja\u021bii ANRE au suferit o reducere a salariilor. Decizia instan\u021bei de la Curtea de Apel Bucure\u0219ti [&hellip;]<\/p>\n","protected":false},"author":2,"featured_media":4223,"comment_status":"open","ping_status":"open","sticky":false,"template":"","format":"standard","meta":{"jnews-multi-image_gallery":[],"jnews_single_post":[],"jnews_primary_category":[],"jnews_override_counter":[],"footnotes":""},"categories":[39],"tags":[6641,534,3929,693,2495,6642,480,2978],"class_list":["post-4222","post","type-post","status-publish","format-standard","has-post-thumbnail","hentry","category-stirile-zilei","tag-angajat","tag-anre","tag-curtea-de-apel","tag-instanta","tag-proces","tag-reincadrare","tag-reorganizare","tag-salarii"],"_links":{"self":[{"href":"https:\/\/www.newsrecorder.ro\/app\/wp-json\/wp\/v2\/posts\/4222","targetHints":{"allow":["GET"]}}],"collection":[{"href":"https:\/\/www.newsrecorder.ro\/app\/wp-json\/wp\/v2\/posts"}],"about":[{"href":"https:\/\/www.newsrecorder.ro\/app\/wp-json\/wp\/v2\/types\/post"}],"author":[{"embeddable":true,"href":"https:\/\/www.newsrecorder.ro\/app\/wp-json\/wp\/v2\/users\/2"}],"replies":[{"embeddable":true,"href":"https:\/\/www.newsrecorder.ro\/app\/wp-json\/wp\/v2\/comments?post=4222"}],"version-history":[{"count":0,"href":"https:\/\/www.newsrecorder.ro\/app\/wp-json\/wp\/v2\/posts\/4222\/revisions"}],"wp:featuredmedia":[{"embeddable":true,"href":"https:\/\/www.newsrecorder.ro\/app\/wp-json\/wp\/v2\/media\/4223"}],"wp:attachment":[{"href":"https:\/\/www.newsrecorder.ro\/app\/wp-json\/wp\/v2\/media?parent=4222"}],"wp:term":[{"taxonomy":"category","embeddable":true,"href":"https:\/\/www.newsrecorder.ro\/app\/wp-json\/wp\/v2\/categories?post=4222"},{"taxonomy":"post_tag","embeddable":true,"href":"https:\/\/www.newsrecorder.ro\/app\/wp-json\/wp\/v2\/tags?post=4222"}],"curies":[{"name":"wp","href":"https:\/\/api.w.org\/{rel}","templated":true}]}}