{"id":4230,"date":"2026-02-20T18:21:15","date_gmt":"2026-02-20T18:21:15","guid":{"rendered":"https:\/\/www.newsrecorder.ro\/app\/2026\/02\/20\/aglomeratie-pe-dn-1-si-dn-7-portul-mangalia-inchis-vineri\/"},"modified":"2026-02-20T18:21:15","modified_gmt":"2026-02-20T18:21:15","slug":"aglomeratie-pe-dn-1-si-dn-7-portul-mangalia-inchis-vineri","status":"publish","type":"post","link":"https:\/\/www.newsrecorder.ro\/app\/2026\/02\/20\/aglomeratie-pe-dn-1-si-dn-7-portul-mangalia-inchis-vineri\/","title":{"rendered":"Aglomera\u021bie pe DN 1 \u0219i DN 7: Portul Mangalia \u00eenchis vineri!"},"content":{"rendered":"<p>Conform informa\u021biilor furnizate de poli\u021bie, \u00een prezent nu exist\u0103 drumuri na\u021bionale sau autostr\u0103zi \u00eenchise din cauza condi\u021biilor meteo adverse.<\/p>\n<p>\u00cen jude\u021bele aflate sub inciden\u021ba Codului Galben, care indic\u0103 intensific\u0103ri ale v\u00e2ntului, precipita\u021bii semnificative, ghe\u021bu\u0219, polei, ninsori \u0219i viscol, se \u00eenregistreaz\u0103 ploi \u00een jude\u021bele Giurgiu \u0219i Teleorman, iar carosabilul este umed.<\/p>\n<p>Pe Autostrada 1 Bucure\u0219ti-Pite\u0219ti, traficul este intens pe sensul de ie\u0219ire din Capital\u0103, \u00een special \u00een zona Bolintin Vale, unde se desf\u0103\u0219oar\u0103 lucr\u0103ri de repara\u021bii la carosabil.<\/p>\n<p>De asemenea, pe Autostrada A7 Ploie\u0219ti-Adjud, un TIR a r\u0103mas blocat pe banda de cobor\u00e2re spre DN2, \u00een Foc\u0219ani, jude\u021bul Vrancea, din cauza unor defec\u021biuni tehnice. Aceasta \u00eengreuneaz\u0103 circula\u021bia rutier\u0103 din jurul vehiculului imobilizat.<\/p>\n<p>Pe DN 1 Ploie\u0219ti-Bra\u0219ov, se observ\u0103 un trafic intens pe Centura de Vest a municipiului Ploie\u0219ti, \u00een direc\u021bia Bra\u0219ov. Aglomera\u021bia este semnalat\u0103 \u00eentre localit\u0103\u021bile Breaza \u0219i Comarnic, precum \u0219i \u00een sta\u021biunile Sinaia \u0219i Bu\u0219teni, pe sensul de urcare c\u0103tre Bra\u0219ov. \u00cen direc\u021bia opus\u0103, traficul este, de asemenea, ridicat \u00een sta\u021biunile Predeal, Azuga \u0219i Bu\u0219teni.<\/p>\n<p>Pe DN 7 R\u00e2mnicu V\u00e2lcea-Sibiu, circula\u021bia este \u00eengreunat\u0103 \u00een zona localit\u0103\u021bilor Dedule\u0219ti \u0219i Bujoreni, pe ambele sensuri de deplasare.<\/p>\n<p>\u00cen jude\u021bul Constan\u021ba, activit\u0103\u021bile din portul Mangalia au fost suspendate din cauza v\u00e2ntului puternic.<\/p>\n","protected":false},"excerpt":{"rendered":"<p>Conform informa\u021biilor furnizate de poli\u021bie, \u00een prezent nu exist\u0103 drumuri na\u021bionale sau autostr\u0103zi \u00eenchise din cauza condi\u021biilor meteo adverse. \u00cen jude\u021bele aflate sub inciden\u021ba Codului Galben, care indic\u0103 intensific\u0103ri ale v\u00e2ntului, precipita\u021bii semnificative, ghe\u021bu\u0219, polei, ninsori \u0219i viscol, se \u00eenregistreaz\u0103 ploi \u00een jude\u021bele Giurgiu \u0219i Teleorman, iar carosabilul este umed. Pe Autostrada 1 Bucure\u0219ti-Pite\u0219ti, traficul [&hellip;]<\/p>\n","protected":false},"author":2,"featured_media":4231,"comment_status":"open","ping_status":"open","sticky":false,"template":"","format":"standard","meta":{"jnews-multi-image_gallery":[],"jnews_single_post":[],"jnews_primary_category":[],"jnews_override_counter":[],"footnotes":""},"categories":[39],"tags":[2669,196,1808,6653,1555,127,6655,6654],"class_list":["post-4230","post","type-post","status-publish","format-standard","has-post-thumbnail","hentry","category-stirile-zilei","tag-autostrazi","tag-cod-galben","tag-conditii-meteo","tag-drumuri-nationale","tag-ghetus","tag-ninsori","tag-reparatii-carosabil","tag-trafic-intens"],"_links":{"self":[{"href":"https:\/\/www.newsrecorder.ro\/app\/wp-json\/wp\/v2\/posts\/4230","targetHints":{"allow":["GET"]}}],"collection":[{"href":"https:\/\/www.newsrecorder.ro\/app\/wp-json\/wp\/v2\/posts"}],"about":[{"href":"https:\/\/www.newsrecorder.ro\/app\/wp-json\/wp\/v2\/types\/post"}],"author":[{"embeddable":true,"href":"https:\/\/www.newsrecorder.ro\/app\/wp-json\/wp\/v2\/users\/2"}],"replies":[{"embeddable":true,"href":"https:\/\/www.newsrecorder.ro\/app\/wp-json\/wp\/v2\/comments?post=4230"}],"version-history":[{"count":0,"href":"https:\/\/www.newsrecorder.ro\/app\/wp-json\/wp\/v2\/posts\/4230\/revisions"}],"wp:featuredmedia":[{"embeddable":true,"href":"https:\/\/www.newsrecorder.ro\/app\/wp-json\/wp\/v2\/media\/4231"}],"wp:attachment":[{"href":"https:\/\/www.newsrecorder.ro\/app\/wp-json\/wp\/v2\/media?parent=4230"}],"wp:term":[{"taxonomy":"category","embeddable":true,"href":"https:\/\/www.newsrecorder.ro\/app\/wp-json\/wp\/v2\/categories?post=4230"},{"taxonomy":"post_tag","embeddable":true,"href":"https:\/\/www.newsrecorder.ro\/app\/wp-json\/wp\/v2\/tags?post=4230"}],"curies":[{"name":"wp","href":"https:\/\/api.w.org\/{rel}","templated":true}]}}