{"id":4232,"date":"2026-02-20T19:11:02","date_gmt":"2026-02-20T19:11:02","guid":{"rendered":"https:\/\/www.newsrecorder.ro\/app\/2026\/02\/20\/bucuresti-ploi-ninsoare-si-ger-de-7-grade-vezi-prognoza-anm\/"},"modified":"2026-02-20T19:11:02","modified_gmt":"2026-02-20T19:11:02","slug":"bucuresti-ploi-ninsoare-si-ger-de-7-grade-vezi-prognoza-anm","status":"publish","type":"post","link":"https:\/\/www.newsrecorder.ro\/app\/2026\/02\/20\/bucuresti-ploi-ninsoare-si-ger-de-7-grade-vezi-prognoza-anm\/","title":{"rendered":"Bucure\u0219ti: Ploi, ninsoare \u0219i ger de -7 grade! Vezi prognoza ANM!"},"content":{"rendered":"<p>\u00cen Bucure\u0219ti, joi, vremea se va prezenta cu un cer variabil, iar v\u00e2ntul va sufla predominant slab. Conform <a href=\"https:\/\/www.meteoromania.ro\/\" target=\"_blank\" rel=\"noopener\">previziunilor meteorologice<\/a>, temperatura maxim\u0103 va atinge aproximativ 4 grade Celsius, \u00een timp ce valorile minime se vor situa \u00eentre -7 \u0219i -5 grade.<\/p>\n<p>Vineri, prognoza indic\u0103 o \u00eennorare treptat\u0103 a cerului, fiind a\u0219teptate <a href=\"https:\/\/www.mediafax.ro\/meteo\/anm-informare-meteo-ploile-si-ninsorile-cuprind-toata-romania-pana-duminica-23689536\">precipita\u021bii<\/a> sub form\u0103 de ploaie, urmate de lapovi\u021b\u0103 \u0219i ninsoare. V\u00e2ntul va avea intensific\u0103ri u\u0219oare spre moderat, cu viteze ce pot ajunge la 50-55 km\/h, \u00een special seara \u0219i noaptea. Temperaturile vor varia, cu maxime \u00eentre 2 \u0219i 4 grade \u0219i minime de -3 p\u00e2n\u0103 la -2 grade.<\/p>\n<p>S\u00e2mb\u0103t\u0103, vremea se va r\u0103ci semnificativ, cerul va fi predominant noros \u0219i ninsoarea va continua. V\u00e2ntul va avea intensific\u0103ri \u00een prima parte a zilei, ating\u00e2nd viteze de 40-45 km\/h. Temperaturile se vor men\u021bine sc\u0103zute, cu maxime \u00eentre -3 \u0219i -1 grad \u0219i minime de -5 p\u00e2n\u0103 la -3 grade.<\/p>\n<p>De asemenea, \u00een perioada 19 februarie, ora 10 \u2013 22 februarie, ora 10, municipalitatea Bucure\u0219ti va fi sub inciden\u021ba unei inform\u0103ri meteorologice care va include precipita\u021bii moderate cantitativ, formarea unui strat de z\u0103pad\u0103, intensific\u0103ri ale v\u00e2ntului \u0219i vreme rece general\u0103.<\/p>\n","protected":false},"excerpt":{"rendered":"<p>\u00cen Bucure\u0219ti, joi, vremea se va prezenta cu un cer variabil, iar v\u00e2ntul va sufla predominant slab. Conform previziunilor meteorologice, temperatura maxim\u0103 va atinge aproximativ 4 grade Celsius, \u00een timp ce valorile minime se vor situa \u00eentre -7 \u0219i -5 grade. Vineri, prognoza indic\u0103 o \u00eennorare treptat\u0103 a cerului, fiind a\u0219teptate precipita\u021bii sub form\u0103 de [&hellip;]<\/p>\n","protected":false},"author":5,"featured_media":4233,"comment_status":"open","ping_status":"open","sticky":false,"template":"","format":"standard","meta":{"jnews-multi-image_gallery":[],"jnews_single_post":[],"jnews_primary_category":[],"jnews_override_counter":[],"footnotes":""},"categories":[45],"tags":[362,130,743,135,132,126,137,125],"class_list":["post-4232","post","type-post","status-publish","format-standard","has-post-thumbnail","hentry","category-meteo","tag-bucuresti","tag-cer-variabil","tag-ninsoare","tag-precipitatii","tag-prognoza","tag-temperaturi","tag-vant","tag-vreme"],"_links":{"self":[{"href":"https:\/\/www.newsrecorder.ro\/app\/wp-json\/wp\/v2\/posts\/4232","targetHints":{"allow":["GET"]}}],"collection":[{"href":"https:\/\/www.newsrecorder.ro\/app\/wp-json\/wp\/v2\/posts"}],"about":[{"href":"https:\/\/www.newsrecorder.ro\/app\/wp-json\/wp\/v2\/types\/post"}],"author":[{"embeddable":true,"href":"https:\/\/www.newsrecorder.ro\/app\/wp-json\/wp\/v2\/users\/5"}],"replies":[{"embeddable":true,"href":"https:\/\/www.newsrecorder.ro\/app\/wp-json\/wp\/v2\/comments?post=4232"}],"version-history":[{"count":0,"href":"https:\/\/www.newsrecorder.ro\/app\/wp-json\/wp\/v2\/posts\/4232\/revisions"}],"wp:featuredmedia":[{"embeddable":true,"href":"https:\/\/www.newsrecorder.ro\/app\/wp-json\/wp\/v2\/media\/4233"}],"wp:attachment":[{"href":"https:\/\/www.newsrecorder.ro\/app\/wp-json\/wp\/v2\/media?parent=4232"}],"wp:term":[{"taxonomy":"category","embeddable":true,"href":"https:\/\/www.newsrecorder.ro\/app\/wp-json\/wp\/v2\/categories?post=4232"},{"taxonomy":"post_tag","embeddable":true,"href":"https:\/\/www.newsrecorder.ro\/app\/wp-json\/wp\/v2\/tags?post=4232"}],"curies":[{"name":"wp","href":"https:\/\/api.w.org\/{rel}","templated":true}]}}