{"id":4238,"date":"2026-02-20T19:12:05","date_gmt":"2026-02-20T19:12:05","guid":{"rendered":"https:\/\/www.newsrecorder.ro\/app\/2026\/02\/20\/alerta-meteo-anm-viscol-si-ninsori-de-pana-la-50-cm-in-mai-multe-regiuni\/"},"modified":"2026-02-20T19:12:05","modified_gmt":"2026-02-20T19:12:05","slug":"alerta-meteo-anm-viscol-si-ninsori-de-pana-la-50-cm-in-mai-multe-regiuni","status":"publish","type":"post","link":"https:\/\/www.newsrecorder.ro\/app\/2026\/02\/20\/alerta-meteo-anm-viscol-si-ninsori-de-pana-la-50-cm-in-mai-multe-regiuni\/","title":{"rendered":"Alert\u0103 meteo ANM: Viscol \u0219i ninsori de p\u00e2n\u0103 la 50 cm \u00een mai multe regiuni!"},"content":{"rendered":"<p>\u00cen perioada de miercuri diminea\u021b\u0103 p\u00e2n\u0103 joi diminea\u021b\u0103, vremea va r\u0103m\u00e2ne rece \u00een regiunile Moldova, estul Munteniei \u0219i Dobrogea. Temperaturile maxime se vor \u00eencadra \u00eentre -6 \u0219i 0 grade Celsius, iar temperaturile minime vor fi sub zero pe \u00eentreg teritoriul \u021b\u0103rii, variind \u00eentre -8 \u0219i 1 grad Celsius.<\/p>\n<p>\u00cen estul \u021b\u0103rii, ninsorile vor continua s\u0103 fie viscolite, cu viteze ale v\u00e2ntului ce vor atinge 50-70 km\/h. \u00cen Carpa\u021bii Meridionali \u0219i de Curbur\u0103, rafalele v\u00e2ntului vor ajunge la 70-90 km\/h, ceea ce va reduce vizibilitatea. Se preconizeaz\u0103 depunerea unui nou strat de z\u0103pad\u0103, cu grosimi medii \u00eentre 10 \u0219i 20 cm. \u00cen sud-estul Rom\u00e2niei, se vor acumula cantit\u0103\u021bi de ap\u0103 de 10-15 l\/mp, iar \u00een anumite zone, chiar peste 20 l\/mp.<\/p>\n<p><strong>Cod galben de ninsori viscolite \u0219i strat de z\u0103pad\u0103<\/strong><\/p>\n<p>\u00cen sudul Moldovei, sud-estul Transilvaniei, nord-estul Munteniei, precum \u0219i \u00een Carpa\u021bii Meridionali \u0219i de Curbur\u0103, se va ninge viscolit cu depunerea unui strat de z\u0103pad\u0103 de aproximativ 10-15 cm, iar vizibilitatea va sc\u0103dea sub 100 m. V\u00e2ntul va avea intensific\u0103ri ce vor atinge viteze de 50-70 km\/h, iar \u00een zonele montane \u00eenalte, rafalele vor putea ajunge la 70-90 km\/h.<\/p>\n<p>Avertizarea este valabil\u0103 miercuri, \u00eentre orele 10:00 \u0219i 23:00.<\/p>\n<p><strong>Cod galben de intensific\u0103ri ale v\u00e2ntului<\/strong><\/p>\n<p>\u00cen acela\u0219i interval, \u00een jude\u021bele Mehedin\u021bi, Dolj, Olt \u0219i Teleorman, v\u00e2ntul va sufl\u0103 cu intensific\u0103ri de 50-70 km\/h.<\/p>\n<p><strong>Cod portocaliu de ninsori \u0219i strat consistent de z\u0103pad\u0103<\/strong><\/p>\n<p>Miercuri, \u00eentre orele 10:00 \u0219i 16:00, \u00een jude\u021bul Ilfov \u0219i municipiul Bucure\u0219ti, ninsorile vor continua, iar la finalul acestui interval, grosimea total\u0103 a stratului de z\u0103pad\u0103 va dep\u0103\u0219i 50 cm.<\/p>\n<p id=\"caption-attachment-23688781\" class=\"wp-caption-text\">Sursa foto: ANM<\/p>\n<p><strong>Cod portocaliu de ninsoare, strat consistent de z\u0103pad\u0103, intensific\u0103ri puternice ale v\u00e2ntului \u0219i viscol puternic<\/strong><\/p>\n<p>\u00cen aceea\u0219i zi, \u00eentre orele 10:00 \u0219i 23:00, \u00een jude\u021bele C\u0103l\u0103ra\u0219i, Ialomi\u021ba, Br\u0103ila, Tulcea \u0219i Constan\u021ba, se vor \u00eenregistra ninsori cu depunerea unui strat de z\u0103pad\u0103 consistent, \u00een general \u00eentre 20 \u0219i 25 cm, echivalent cu 20-25 l\/mp de ap\u0103. V\u00e2ntul va avea rafale puternice de 60-80 km\/h, iar viscolul va face ca vizibilitatea s\u0103 scad\u0103 sub 50 m.<\/p>\n<p><strong>Cod galben de ninsori viscolite<\/strong><\/p>\n<p>De miercuri, ora 23:00, p\u00e2n\u0103 joi la ora 10:00, \u00een estul Carpa\u021bilor Meridionali \u0219i \u00een Carpa\u021bii de Curbur\u0103, se va continua cu ninsori viscolite, reduc\u00e2nd vizibilitatea sub 100 m. V\u00e2ntul va avea rafale ce vor atinge, \u00een general, 70-90 km\/h.<\/p>\n<p id=\"caption-attachment-23688784\" class=\"wp-caption-text\">Sursa foto: ANM<\/p>\n","protected":false},"excerpt":{"rendered":"<p>\u00cen perioada de miercuri diminea\u021b\u0103 p\u00e2n\u0103 joi diminea\u021b\u0103, vremea va r\u0103m\u00e2ne rece \u00een regiunile Moldova, estul Munteniei \u0219i Dobrogea. Temperaturile maxime se vor \u00eencadra \u00eentre -6 \u0219i 0 grade Celsius, iar temperaturile minime vor fi sub zero pe \u00eentreg teritoriul \u021b\u0103rii, variind \u00eentre -8 \u0219i 1 grad Celsius. \u00cen estul \u021b\u0103rii, ninsorile vor continua s\u0103 [&hellip;]<\/p>\n","protected":false},"author":5,"featured_media":4239,"comment_status":"open","ping_status":"open","sticky":false,"template":"","format":"standard","meta":{"jnews-multi-image_gallery":[],"jnews_single_post":[],"jnews_primary_category":[],"jnews_override_counter":[],"footnotes":""},"categories":[45],"tags":[2253,871,4036,995,6657,122,2317,139],"class_list":["post-4238","post","type-post","status-publish","format-standard","has-post-thumbnail","hentry","category-meteo","tag-dobrogea","tag-moldova","tag-muntenia","tag-ninsori-viscolite","tag-rafale-de-vant","tag-strat-de-zapada","tag-temperaturi-negative","tag-vreme-rece"],"_links":{"self":[{"href":"https:\/\/www.newsrecorder.ro\/app\/wp-json\/wp\/v2\/posts\/4238","targetHints":{"allow":["GET"]}}],"collection":[{"href":"https:\/\/www.newsrecorder.ro\/app\/wp-json\/wp\/v2\/posts"}],"about":[{"href":"https:\/\/www.newsrecorder.ro\/app\/wp-json\/wp\/v2\/types\/post"}],"author":[{"embeddable":true,"href":"https:\/\/www.newsrecorder.ro\/app\/wp-json\/wp\/v2\/users\/5"}],"replies":[{"embeddable":true,"href":"https:\/\/www.newsrecorder.ro\/app\/wp-json\/wp\/v2\/comments?post=4238"}],"version-history":[{"count":0,"href":"https:\/\/www.newsrecorder.ro\/app\/wp-json\/wp\/v2\/posts\/4238\/revisions"}],"wp:featuredmedia":[{"embeddable":true,"href":"https:\/\/www.newsrecorder.ro\/app\/wp-json\/wp\/v2\/media\/4239"}],"wp:attachment":[{"href":"https:\/\/www.newsrecorder.ro\/app\/wp-json\/wp\/v2\/media?parent=4238"}],"wp:term":[{"taxonomy":"category","embeddable":true,"href":"https:\/\/www.newsrecorder.ro\/app\/wp-json\/wp\/v2\/categories?post=4238"},{"taxonomy":"post_tag","embeddable":true,"href":"https:\/\/www.newsrecorder.ro\/app\/wp-json\/wp\/v2\/tags?post=4238"}],"curies":[{"name":"wp","href":"https:\/\/api.w.org\/{rel}","templated":true}]}}