{"id":425,"date":"2026-01-23T19:48:27","date_gmt":"2026-01-23T19:48:27","guid":{"rendered":"https:\/\/www.newsrecorder.ro\/app\/2026\/01\/23\/ilie-bolojan-demonteaza-zvonurile-despre-schimbarea-premierului-romania-cere-seriozitate\/"},"modified":"2026-01-23T19:48:27","modified_gmt":"2026-01-23T19:48:27","slug":"ilie-bolojan-demonteaza-zvonurile-despre-schimbarea-premierului-romania-cere-seriozitate","status":"publish","type":"post","link":"https:\/\/www.newsrecorder.ro\/app\/2026\/01\/23\/ilie-bolojan-demonteaza-zvonurile-despre-schimbarea-premierului-romania-cere-seriozitate\/","title":{"rendered":"Ilie Bolojan demonteaz\u0103 zvonurile despre schimbarea premierului: Rom\u00e2nia cere seriozitate!"},"content":{"rendered":"<p>Premierul Ilie Bolojan a abordat, vineri seara, la Digi24, zvonurile privind o posibil\u0103 schimbare din func\u021bie, subliniind c\u0103 stabilitatea guvernamental\u0103 se bazeaz\u0103 \u00een \u00eentregime pe suportul politic al Executivului.<\/p>\n<p>\u00cen contextul \u00eentreb\u0103rilor despre specula\u021biile ap\u0103rute, care sugereaz\u0103 discu\u021bii \u00een interiorul Partidului Na\u021bional Liberal (PNL) \u0219i Partidului Social Democrat (PSD) referitoare la \u00eenlocuirea sa, Bolojan a declarat c\u0103 nu are informa\u021bii relevante \u00een acest sens. \u201eNu \u0219tim de unde ave\u021bi aceste informa\u021bii legate de PNL. Am participat la toate \u0219edin\u021bele organizate de partid, iar acolo nu s-au purtat astfel de discu\u021bii\u201d, a afirmat premierul.<\/p>\n<p>Referitor la numele care sunt vehiculate ca posibili succesorii ai s\u0103i, precum C\u0103t\u0103lin Predoiu \u0219i <a href=\"https:\/\/www.mediafax.ro\/politic\/alexandru-nazare-intrebat-daca-ar-putea-fi-premier-in-locul-lui-ilie-bolojan-nu-e-de-actualitate-23673942\">Alexandru Nazare<\/a>, Bolojan a subliniat c\u0103 nu consider\u0103 c\u0103 ar exista o problem\u0103. \u201eSunt colegi buni pe care \u00eei apreciez \u0219i care \u00ee\u0219i fac datoria la guvern. Deci nu v\u0103d niciun fel de problem\u0103 pe tema asta\u201d, a declarat el.<\/p>\n<p>C\u00e2nd a fost \u00eentrebat dac\u0103 \u00eei consider\u0103 pe cei doi capabili s\u0103 preia func\u021bia de premier, Bolojan a r\u0103spuns c\u0103 \u201enu, nu v\u0103d niciun fel de problem\u0103 \u00een momentul de fa\u021b\u0103 legat\u0103 de schimbarea mea. Un premier r\u0103m\u00e2ne c\u00e2t timp guvernul s\u0103u are sus\u021binere. C\u00e2nd nu mai are sus\u021binere sau se \u00eent\u00e2mpl\u0103 ceva cu totul deosebit, nu mai r\u0103m\u00e2ne. \u00cel \u00eenlocuie\u0219te altcineva\u201d.<\/p>\n<p>Premierul a discutat \u0219i despre posibilele scenarii politice, \u00een cazul unei eventuale ie\u0219iri a PSD de la guvernare, \u0219i despre planurile PNL \u00een aceast\u0103 situa\u021bie. \u00centrebat dac\u0103 ar putea provoca o rupere a partidului sau formarea unui nou guvern cu USR, Bolojan a evitat s\u0103 fac\u0103 specula\u021bii. \u201eHaide\u021bi s\u0103 vedem ce se poate \u00eent\u00e2mpla. Scenariile sunt la ordinea zilei \u0219i Rom\u00e2nia are nevoie, totu\u0219i, de seriozitate \u0219i responsabilitate\u201d, a declarat acesta.<\/p>\n<p>Referitor la comentariile pre\u0219edintelui, care a men\u021bionat \u201ecea mai proast\u0103 situa\u021bie\u201d din interiorul coali\u021biei \u0219i negocierile \u00eentre liderii politici, Bolojan a subliniat c\u0103 problema este diferit\u0103. \u201eDomnul pre\u0219edinte a spus c\u0103 este o situa\u021bie mai proast\u0103 pentru c\u0103, atunci c\u00e2nd te ui\u021bi pe declara\u021biile publice, ce po\u021bi s\u0103 crezi? Este o diferen\u021b\u0103 \u00eentre a face spectacol \u0219i a munci serios pentru Rom\u00e2nia\u201d, a spus premierul.<\/p>\n<p>Ilie Bolojan a abordat \u0219i informa\u021biile referitoare la posibile schimb\u0103ri \u00een conducerea serviciilor de informa\u021bii, inclusiv despre numele lui C\u0103t\u0103lin Predoiu. \u201ePre\u0219edintele Rom\u00e2niei are dreptul de a propune \u0219efii serviciilor. C\u00e2nd va avea propuneri, cu siguran\u021b\u0103 va contacta liderii partidelor parlamentare\u201d, a explicat el.<\/p>\n<p>Despre viceprim-ministrul C\u0103t\u0103lin Predoiu, Bolojan a declarat c\u0103 \u201eeste un om cu mare experien\u021b\u0103, care a parcurs toate func\u021biile. Propunerile vor fi f\u0103cute de pre\u0219edintele Rom\u00e2niei\u201d.<\/p>\n","protected":false},"excerpt":{"rendered":"<p>Premierul Ilie Bolojan a abordat, vineri seara, la Digi24, zvonurile privind o posibil\u0103 schimbare din func\u021bie, subliniind c\u0103 stabilitatea guvernamental\u0103 se bazeaz\u0103 \u00een \u00eentregime pe suportul politic al Executivului. \u00cen contextul \u00eentreb\u0103rilor despre specula\u021biile ap\u0103rute, care sugereaz\u0103 discu\u021bii \u00een interiorul Partidului Na\u021bional Liberal (PNL) \u0219i Partidului Social Democrat (PSD) referitoare la \u00eenlocuirea sa, Bolojan a [&hellip;]<\/p>\n","protected":false},"author":2,"featured_media":426,"comment_status":"open","ping_status":"open","sticky":false,"template":"","format":"standard","meta":{"jnews-multi-image_gallery":[],"jnews_single_post":[],"jnews_primary_category":[],"jnews_override_counter":[],"footnotes":""},"categories":[42],"tags":[301,302,627,300,628,630,629,631],"class_list":["post-425","post","type-post","status-publish","format-standard","has-post-thumbnail","hentry","category-politica","tag-guvern","tag-ilie-bolojan","tag-pnl","tag-psd","tag-schimbare-functie","tag-speculatii","tag-stabilitate-guvernamentala","tag-succesori"],"_links":{"self":[{"href":"https:\/\/www.newsrecorder.ro\/app\/wp-json\/wp\/v2\/posts\/425","targetHints":{"allow":["GET"]}}],"collection":[{"href":"https:\/\/www.newsrecorder.ro\/app\/wp-json\/wp\/v2\/posts"}],"about":[{"href":"https:\/\/www.newsrecorder.ro\/app\/wp-json\/wp\/v2\/types\/post"}],"author":[{"embeddable":true,"href":"https:\/\/www.newsrecorder.ro\/app\/wp-json\/wp\/v2\/users\/2"}],"replies":[{"embeddable":true,"href":"https:\/\/www.newsrecorder.ro\/app\/wp-json\/wp\/v2\/comments?post=425"}],"version-history":[{"count":0,"href":"https:\/\/www.newsrecorder.ro\/app\/wp-json\/wp\/v2\/posts\/425\/revisions"}],"wp:featuredmedia":[{"embeddable":true,"href":"https:\/\/www.newsrecorder.ro\/app\/wp-json\/wp\/v2\/media\/426"}],"wp:attachment":[{"href":"https:\/\/www.newsrecorder.ro\/app\/wp-json\/wp\/v2\/media?parent=425"}],"wp:term":[{"taxonomy":"category","embeddable":true,"href":"https:\/\/www.newsrecorder.ro\/app\/wp-json\/wp\/v2\/categories?post=425"},{"taxonomy":"post_tag","embeddable":true,"href":"https:\/\/www.newsrecorder.ro\/app\/wp-json\/wp\/v2\/tags?post=425"}],"curies":[{"name":"wp","href":"https:\/\/api.w.org\/{rel}","templated":true}]}}