{"id":4264,"date":"2026-02-20T19:45:15","date_gmt":"2026-02-20T19:45:15","guid":{"rendered":"https:\/\/www.newsrecorder.ro\/app\/2026\/02\/20\/haddaway-revine-la-bucuresti-concert-reprogramat-pe-18-aprilie-2\/"},"modified":"2026-02-20T19:45:15","modified_gmt":"2026-02-20T19:45:15","slug":"haddaway-revine-la-bucuresti-concert-reprogramat-pe-18-aprilie-2","status":"publish","type":"post","link":"https:\/\/www.newsrecorder.ro\/app\/2026\/02\/20\/haddaway-revine-la-bucuresti-concert-reprogramat-pe-18-aprilie-2\/","title":{"rendered":"Haddaway revine la Bucure\u0219ti: Concert reprogramat pe 18 aprilie!"},"content":{"rendered":"<p>Concertul face parte din turneul Retro Love Tour \u0219i reprezint\u0103 ocazia de a asculta \u00een premier\u0103 pe scena din Rom\u00e2nia noul material discografic al artistului, acompaniat de live band-ul s\u0103u.<\/p>\n<p>Cu toate acestea, artistul a anun\u021bat o schimbare important\u0103. Din motive care nu depind de voin\u021ba sa, evenimentul de lansare a albumului s\u0103u, intitulat <em>The Sun<\/em>, programat ini\u021bial la Cosmo Dome, va avea loc pe 18 aprilie. \u00centr-un mesaj adresat fanilor, artistul a exprimat regretul s\u0103u:<\/p>\n<p>\u201eDin motive care nu \u021bin de mine, evenimentul de lansare a noului meu album <em>The Sun<\/em> de la Cosmo Dome se mut\u0103 pe 18 aprilie. Eram cu adev\u0103rat entuziasmat pentru aceast\u0103 sear\u0103 \u0219i \u0219tiu c\u0103 \u0219i voi la fel. Dar atunci c\u00e2nd anumite lucruri nu se aliniaz\u0103 a\u0219a cum ar trebui, nu pot oferi spectacolul pe care \u00eel merita\u021bi. \u00cen loc s\u0103 fac compromisuri, am ales s\u0103 am\u00e2n\u0103m, ca s\u0103 putem face lucrurile a\u0219a cum trebuie. V\u0103 mul\u021bumesc pentru \u00een\u021belegere \u0219i pentru sus\u021binere. V\u0103 promit c\u0103 va merita a\u0219teptarea.\u201d<\/p>\n<p>\u00cen plus, artistul a ad\u0103ugat: \u201eP.S. De data asta vin cu soarele la propriu\u2026 \u0219i nu cu unul, ci cu doi invita\u021bi surpriz\u0103.\u201d<\/p>\n<p>Biletele achizi\u021bionate r\u0103m\u00e2n valabile pentru noua dat\u0103, iar fanii pot continua s\u0103 le cumpere de pe platforma iabilet.ro.<\/p>\n","protected":false},"excerpt":{"rendered":"<p>Concertul face parte din turneul Retro Love Tour \u0219i reprezint\u0103 ocazia de a asculta \u00een premier\u0103 pe scena din Rom\u00e2nia noul material discografic al artistului, acompaniat de live band-ul s\u0103u. Cu toate acestea, artistul a anun\u021bat o schimbare important\u0103. Din motive care nu depind de voin\u021ba sa, evenimentul de lansare a albumului s\u0103u, intitulat The [&hellip;]<\/p>\n","protected":false},"author":7,"featured_media":4265,"comment_status":"open","ping_status":"open","sticky":false,"template":"","format":"standard","meta":{"jnews-multi-image_gallery":[],"jnews_single_post":[],"jnews_primary_category":[],"jnews_override_counter":[],"footnotes":""},"categories":[43],"tags":[4343,1485,586,6291,4646,6667,6288,3868],"class_list":["post-4264","post","type-post","status-publish","format-standard","has-post-thumbnail","hentry","category-cultura","tag-album","tag-artist","tag-concert","tag-cosmo-dome","tag-lansare","tag-live-band","tag-retro-love-tour","tag-the-sun"],"_links":{"self":[{"href":"https:\/\/www.newsrecorder.ro\/app\/wp-json\/wp\/v2\/posts\/4264","targetHints":{"allow":["GET"]}}],"collection":[{"href":"https:\/\/www.newsrecorder.ro\/app\/wp-json\/wp\/v2\/posts"}],"about":[{"href":"https:\/\/www.newsrecorder.ro\/app\/wp-json\/wp\/v2\/types\/post"}],"author":[{"embeddable":true,"href":"https:\/\/www.newsrecorder.ro\/app\/wp-json\/wp\/v2\/users\/7"}],"replies":[{"embeddable":true,"href":"https:\/\/www.newsrecorder.ro\/app\/wp-json\/wp\/v2\/comments?post=4264"}],"version-history":[{"count":0,"href":"https:\/\/www.newsrecorder.ro\/app\/wp-json\/wp\/v2\/posts\/4264\/revisions"}],"wp:featuredmedia":[{"embeddable":true,"href":"https:\/\/www.newsrecorder.ro\/app\/wp-json\/wp\/v2\/media\/4265"}],"wp:attachment":[{"href":"https:\/\/www.newsrecorder.ro\/app\/wp-json\/wp\/v2\/media?parent=4264"}],"wp:term":[{"taxonomy":"category","embeddable":true,"href":"https:\/\/www.newsrecorder.ro\/app\/wp-json\/wp\/v2\/categories?post=4264"},{"taxonomy":"post_tag","embeddable":true,"href":"https:\/\/www.newsrecorder.ro\/app\/wp-json\/wp\/v2\/tags?post=4264"}],"curies":[{"name":"wp","href":"https:\/\/api.w.org\/{rel}","templated":true}]}}