{"id":427,"date":"2026-01-23T19:48:37","date_gmt":"2026-01-23T19:48:37","guid":{"rendered":"https:\/\/www.newsrecorder.ro\/app\/2026\/01\/23\/ilie-bolojan-mercosur-mai-mult-decat-un-simplu-acord-agricol\/"},"modified":"2026-01-23T19:48:37","modified_gmt":"2026-01-23T19:48:37","slug":"ilie-bolojan-mercosur-mai-mult-decat-un-simplu-acord-agricol","status":"publish","type":"post","link":"https:\/\/www.newsrecorder.ro\/app\/2026\/01\/23\/ilie-bolojan-mercosur-mai-mult-decat-un-simplu-acord-agricol\/","title":{"rendered":"Ilie Bolojan: Mercosur &#8211; mai mult dec\u00e2t un simplu acord agricol!"},"content":{"rendered":"<p>\u00centr-o interven\u021bie recent\u0103 la Digi 24, prim-ministrul Ilie Bolojan a subliniat c\u0103 decizia de a semna acordul Mercosur a fost rezultatul unor consult\u0103ri ample \u0219i c\u0103 atacurile politice pe aceast\u0103 tem\u0103 nu sunt justificate.<\/p>\n<p>\u201eEste foarte simplu s\u0103 faci afirma\u021bii politice referitoare la Mercosur. Aceast\u0103 decizie a fost luat\u0103 \u00een mod consensual \u00eentre guvern \u0219i pre\u0219edin\u021bie, baz\u00e2ndu-ne pe informa\u021biile pe care le-am avut la dispozi\u021bie \u0219i pe discu\u021biile dintre ministerele de specialitate \u00een comisiile relevante\u201d, a explicat Bolojan.<\/p>\n<p>Premierul a ad\u0103ugat c\u0103 acordul Mercosur a fost modificat pentru a include garan\u021bii suplimentare destinate protec\u021biei agricultorilor. \u201eIndiferent de opiniile exprimate \u00een leg\u0103tur\u0103 cu Mercosur, cred c\u0103 un astfel de acord este o proiec\u021bie care se aliniaz\u0103 cu obiectivele Comisiei Europene. Discu\u021biile despre Mercosur s-au desf\u0103\u0219urat \u00een cadrul grupurilor din Parlamentul European, \u00een ultimele zile, deoarece acordul a fost ajustat pentru a oferi garan\u021bii suplimentare agricultorilor. Este important de men\u021bionat c\u0103 Mercosur nu este doar un acord agricol, ci un acord comercial extins. De aceea, nu au existat dispute semnificative\u201d, a concluzionat Ilie Bolojan.<\/p>\n","protected":false},"excerpt":{"rendered":"<p>\u00centr-o interven\u021bie recent\u0103 la Digi 24, prim-ministrul Ilie Bolojan a subliniat c\u0103 decizia de a semna acordul Mercosur a fost rezultatul unor consult\u0103ri ample \u0219i c\u0103 atacurile politice pe aceast\u0103 tem\u0103 nu sunt justificate. \u201eEste foarte simplu s\u0103 faci afirma\u021bii politice referitoare la Mercosur. Aceast\u0103 decizie a fost luat\u0103 \u00een mod consensual \u00eentre guvern \u0219i [&hellip;]<\/p>\n","protected":false},"author":2,"featured_media":428,"comment_status":"open","ping_status":"open","sticky":false,"template":"","format":"standard","meta":{"jnews-multi-image_gallery":[],"jnews_single_post":[],"jnews_primary_category":[],"jnews_override_counter":[],"footnotes":""},"categories":[42],"tags":[632,633,499,360,186,302,296,634],"class_list":["post-427","post","type-post","status-publish","format-standard","has-post-thumbnail","hentry","category-politica","tag-acord","tag-agricultori","tag-comisia-europeana","tag-consultari","tag-decizie","tag-ilie-bolojan","tag-mercosur","tag-parlamentul-european"],"_links":{"self":[{"href":"https:\/\/www.newsrecorder.ro\/app\/wp-json\/wp\/v2\/posts\/427","targetHints":{"allow":["GET"]}}],"collection":[{"href":"https:\/\/www.newsrecorder.ro\/app\/wp-json\/wp\/v2\/posts"}],"about":[{"href":"https:\/\/www.newsrecorder.ro\/app\/wp-json\/wp\/v2\/types\/post"}],"author":[{"embeddable":true,"href":"https:\/\/www.newsrecorder.ro\/app\/wp-json\/wp\/v2\/users\/2"}],"replies":[{"embeddable":true,"href":"https:\/\/www.newsrecorder.ro\/app\/wp-json\/wp\/v2\/comments?post=427"}],"version-history":[{"count":0,"href":"https:\/\/www.newsrecorder.ro\/app\/wp-json\/wp\/v2\/posts\/427\/revisions"}],"wp:featuredmedia":[{"embeddable":true,"href":"https:\/\/www.newsrecorder.ro\/app\/wp-json\/wp\/v2\/media\/428"}],"wp:attachment":[{"href":"https:\/\/www.newsrecorder.ro\/app\/wp-json\/wp\/v2\/media?parent=427"}],"wp:term":[{"taxonomy":"category","embeddable":true,"href":"https:\/\/www.newsrecorder.ro\/app\/wp-json\/wp\/v2\/categories?post=427"},{"taxonomy":"post_tag","embeddable":true,"href":"https:\/\/www.newsrecorder.ro\/app\/wp-json\/wp\/v2\/tags?post=427"}],"curies":[{"name":"wp","href":"https:\/\/api.w.org\/{rel}","templated":true}]}}