{"id":429,"date":"2026-01-23T19:49:03","date_gmt":"2026-01-23T19:49:03","guid":{"rendered":"https:\/\/www.newsrecorder.ro\/app\/2026\/01\/23\/ilie-bolojan-nu-schimb-lautarul-nu-lucrez-dupa-ureche\/"},"modified":"2026-01-23T19:49:03","modified_gmt":"2026-01-23T19:49:03","slug":"ilie-bolojan-nu-schimb-lautarul-nu-lucrez-dupa-ureche","status":"publish","type":"post","link":"https:\/\/www.newsrecorder.ro\/app\/2026\/01\/23\/ilie-bolojan-nu-schimb-lautarul-nu-lucrez-dupa-ureche\/","title":{"rendered":"Ilie Bolojan: \u201eNu schimb l\u0103utarul, nu lucrez dup\u0103 ureche!\u201d"},"content":{"rendered":"<p>Vineri, Ilie Bolojan a fost invitat la Digi 24, unde a discutat despre criticile venite din partea partenerilor de coali\u021bie, \u00een special de la pre\u0219edintele PSD, Sorin Grindeanu, \u0219i fostul lider al partidului, Marcel Ciolacu.<\/p>\n<p>\u201eNu am niciun fel de emo\u021bie legat\u0103 de acest subiect (referitor la asumarea r\u0103spunderii \u2013 n.r.). Sunt premierul Rom\u00e2niei at\u00e2t timp c\u00e2t exist\u0103 o majoritate parlamentar\u0103. C\u00e2nd aceasta dispare, nu mai sunt \u00een func\u021bie. (&#8230;) Aceast\u0103 majoritate va fi testat\u0103 \u00een cadrul angaj\u0103rilor de r\u0103spundere ce vor urma. Indiferent de cine se afl\u0103 la conducere, este esen\u021bial s\u0103 elabor\u0103m rapid un buget realist, bazat pe date corecte, pentru a men\u021bine Rom\u00e2nia ca o \u021bar\u0103 de \u00eencredere\u201d, a declarat premierul Bolojan.<\/p>\n<p>\u00cen continuare, Bolojan a ridicat o \u00eentrebare retoric\u0103, \u00eentreb\u00e2nd de ce nimeni nu a dorit s\u0103 preia guvernarea \u00een condi\u021biile \u00een care, la momentul \u00een care el a devenit premier, \u201enu exista nicio problem\u0103 bugetar\u0103\u201d.<\/p>\n<p>\u201eE foarte simplu s\u0103 faci declara\u021bii dup\u0103 ce Rom\u00e2nia a traversat o perioad\u0103 dificil\u0103. \u00cen momentele de criz\u0103, cineva trebuia s\u0103-\u0219i asume responsabilitatea, iar eu am f\u0103cut acest lucru, convins c\u0103 ac\u021bionez \u00een interesul \u021b\u0103rii. \u00cen ceea ce prive\u0219te declara\u021biile de genul celor f\u0103cute de Claudiu Manda, referitoare la o \u201eschimbare a l\u0103utarului\u201d, acestea nu m\u0103 afecteaz\u0103, deoarece noi nu lucr\u0103m la \u00eent\u00e2mplare, ci dup\u0103 un plan bine stabilit. Avem un program de guvernare\u201d, a ad\u0103ugat premierul.<\/p>\n<p>Atunci c\u00e2nd a fost \u00eentrebat dac\u0103 vreun lider din coali\u021bie i-a solicitat demisia sau o schimbare a \u201eplaylist-ului\u201d \u00een cadrul \u0219edin\u021belor, Bolojan a afirmat c\u0103 \u201enu a existat o astfel de discu\u021bie\u201d.<\/p>\n<p>Pe de alt\u0103 parte, c\u00e2nd a fost \u00eentrebat dac\u0103 consider\u0103 c\u0103 PSD va ie\u0219i de la guvernare, Bolojan a r\u0103spuns c\u0103 \u201edecizia apar\u021bine Partidului Social-Democrat, care va face ceea ce consider\u0103 de cuviin\u021b\u0103\u201d.<\/p>\n<p>\u201eStabilitatea politic\u0103 a Rom\u00e2niei \u00een aceast\u0103 perioad\u0103 este crucial\u0103 pentru predictibilitatea economic\u0103 \u0219i pentru costurile dob\u00e2nzilor pe care le pl\u0103te\u0219te \u021bara. Fiecare partid are dreptul de a decide conform propriilor considera\u021bii\u201d, a conchis premierul.<\/p>\n<p>Claudiu Manda, secretarul general al PSD, a comentat c\u0103 \u201emai degrab\u0103 domnul Bolojan c\u00e2nt\u0103, dar nu c\u00e2nt\u0103 din acela\u0219i playlist\u201d \u0219i a sugerat c\u0103 \u201e<a href=\"https:\/\/www.mediafax.ro\/politic\/manda-bolojan-canta-de-multe-ori-dar-nu-canta-din-acelasi-playlist-poate-vine-momentul-sa-schimbam-lautarul-23672935\">ar putea veni momentul s\u0103 schimb\u0103m l\u0103utarul\u201d<\/a>.<\/p>\n<p>\u00centr-o interven\u021bie la Antena 3 CNN, Manda a r\u0103spuns unei afirma\u021bii a unui primar care spunea c\u0103 \u201eBolojan c\u00e2nt\u0103 la vioar\u0103 \u0219i PSD danseaz\u0103\u201d, men\u021bion\u00e2nd c\u0103 nu ar vrea s\u0103 fac\u0103 o astfel de analogie. \u201eDomnul Bolojan c\u00e2nt\u0103 de multe ori, dar nu c\u00e2nt\u0103 din acela\u0219i playlist. Nu c\u0103 dans\u0103m, dar ascult\u0103m\u201d, a explicat el.<\/p>\n<p>Manda a l\u0103sat deschis\u0103 posibilitatea schimb\u0103rii premierului, ad\u0103ug\u00e2nd: \u201eCred c\u0103 ar putea veni un moment \u00een care s\u0103 spunem c\u0103 este necesar s\u0103 schimb\u0103m l\u0103utarul, deoarece nu mai respect\u0103 playlist-ul \u0219i, \u00een acest caz, nu am reu\u0219i s\u0103-l mai ascult\u0103m\u201d.<\/p>\n","protected":false},"excerpt":{"rendered":"<p>Vineri, Ilie Bolojan a fost invitat la Digi 24, unde a discutat despre criticile venite din partea partenerilor de coali\u021bie, \u00een special de la pre\u0219edintele PSD, Sorin Grindeanu, \u0219i fostul lider al partidului, Marcel Ciolacu. \u201eNu am niciun fel de emo\u021bie legat\u0103 de acest subiect (referitor la asumarea r\u0103spunderii \u2013 n.r.). Sunt premierul Rom\u00e2niei at\u00e2t [&hellip;]<\/p>\n","protected":false},"author":2,"featured_media":430,"comment_status":"open","ping_status":"open","sticky":false,"template":"","format":"standard","meta":{"jnews-multi-image_gallery":[],"jnews_single_post":[],"jnews_primary_category":[],"jnews_override_counter":[],"footnotes":""},"categories":[42],"tags":[640,636,635,302,639,638,300,637],"class_list":["post-429","post","type-post","status-publish","format-standard","has-post-thumbnail","hentry","category-politica","tag-buget-realist","tag-coalitie","tag-digi-24","tag-ilie-bolojan","tag-majoritate-parlamentara","tag-marcel-ciolacu","tag-psd","tag-sorin-grindeanu"],"_links":{"self":[{"href":"https:\/\/www.newsrecorder.ro\/app\/wp-json\/wp\/v2\/posts\/429","targetHints":{"allow":["GET"]}}],"collection":[{"href":"https:\/\/www.newsrecorder.ro\/app\/wp-json\/wp\/v2\/posts"}],"about":[{"href":"https:\/\/www.newsrecorder.ro\/app\/wp-json\/wp\/v2\/types\/post"}],"author":[{"embeddable":true,"href":"https:\/\/www.newsrecorder.ro\/app\/wp-json\/wp\/v2\/users\/2"}],"replies":[{"embeddable":true,"href":"https:\/\/www.newsrecorder.ro\/app\/wp-json\/wp\/v2\/comments?post=429"}],"version-history":[{"count":0,"href":"https:\/\/www.newsrecorder.ro\/app\/wp-json\/wp\/v2\/posts\/429\/revisions"}],"wp:featuredmedia":[{"embeddable":true,"href":"https:\/\/www.newsrecorder.ro\/app\/wp-json\/wp\/v2\/media\/430"}],"wp:attachment":[{"href":"https:\/\/www.newsrecorder.ro\/app\/wp-json\/wp\/v2\/media?parent=429"}],"wp:term":[{"taxonomy":"category","embeddable":true,"href":"https:\/\/www.newsrecorder.ro\/app\/wp-json\/wp\/v2\/categories?post=429"},{"taxonomy":"post_tag","embeddable":true,"href":"https:\/\/www.newsrecorder.ro\/app\/wp-json\/wp\/v2\/tags?post=429"}],"curies":[{"name":"wp","href":"https:\/\/api.w.org\/{rel}","templated":true}]}}