{"id":4292,"date":"2026-02-21T00:42:27","date_gmt":"2026-02-21T00:42:27","guid":{"rendered":"https:\/\/www.newsrecorder.ro\/app\/2026\/02\/21\/victor-leu-onoreaza-memoria-fratelui-sau-campionul-mihai-leu\/"},"modified":"2026-02-21T00:42:27","modified_gmt":"2026-02-21T00:42:27","slug":"victor-leu-onoreaza-memoria-fratelui-sau-campionul-mihai-leu","status":"publish","type":"post","link":"https:\/\/www.newsrecorder.ro\/app\/2026\/02\/21\/victor-leu-onoreaza-memoria-fratelui-sau-campionul-mihai-leu\/","title":{"rendered":"Victor Leu onoreaz\u0103 memoria fratelui s\u0103u, campionul Mihai Leu"},"content":{"rendered":"<p>\u00cen perspectiva anului 2026, Victor Leu, vicepre\u0219edintele Federa\u021biei Rom\u00e2ne de Box, are planuri ambi\u021bioase pentru organizarea a cel pu\u021bin trei competi\u021bii de box, dintre care dou\u0103 sunt deja \u00een faze avansate de discu\u021bii.<\/p>\n<p>Una dintre aceste competi\u021bii promite a fi un eveniment deosebit, av\u00e2nd loc \u00een Z\u0103rne\u0219ti, jude\u021bul Bra\u0219ov. Leu a men\u021bionat c\u0103 primarul ora\u0219ului a manifestat un interes deosebit pentru organizarea unei gale de box, care ar include meciuri bilaterale \u00eentre boxeri din Rom\u00e2nia \u0219i Germania. Aceast\u0103 competi\u021bie ar putea avea loc \u00een luna mai sau iunie, iar mediul de afaceri din ambele \u021b\u0103ri s-a ar\u0103tat dornic s\u0103 sus\u021bin\u0103 acest demers.<\/p>\n<p>Un alt eveniment pugilistic pe agenda lui Victor Leu ar putea fi g\u0103zduit de localitatea Bob\u00e2lna, o zon\u0103 cu o semnifica\u021bie istoric\u0103 important\u0103. Aceasta este locul de na\u0219tere al renumitului boxer \u0219i antrenor Valentin Silaghi. Gala de box planificat\u0103 aici va ajunge la a patra edi\u021bie, iar la acest eveniment se preconizeaz\u0103 prezen\u021ba lui Valentin Silaghi, dar \u0219i a patronului clubului de box din Germania, unde a fost legitimat fratele lui Leu.<\/p>\n<p>Recent, ora\u0219ul Ploie\u0219ti a fost gazda unui eveniment de amploare, atr\u0103g\u00e2nd pugili\u0219ti din peste 20 de \u021b\u0103ri, oficiali, arbitri \u0219i antrenori. Ace\u0219tia au participat la \u201eDracula Open\u201d, unul dintre cele mai importante turnee organizate de Federa\u021bia Rom\u00e2n\u0103 de Box.<\/p>\n<p>Victor Leu a subliniat c\u0103 acest turneu a fost un succes remarcabil, adun\u00e2nd tineri pugili\u0219ti de valoare, care, cu siguran\u021b\u0103, vor face valuri \u00een viitorul boxului. Aceast\u0103 competi\u021bie nu doar c\u0103 a promovat sportul, dar a \u0219i \u00eent\u0103rit leg\u0103turile interna\u021bionale \u00een domeniu.<\/p>\n","protected":false},"excerpt":{"rendered":"<p>\u00cen perspectiva anului 2026, Victor Leu, vicepre\u0219edintele Federa\u021biei Rom\u00e2ne de Box, are planuri ambi\u021bioase pentru organizarea a cel pu\u021bin trei competi\u021bii de box, dintre care dou\u0103 sunt deja \u00een faze avansate de discu\u021bii. Una dintre aceste competi\u021bii promite a fi un eveniment deosebit, av\u00e2nd loc \u00een Z\u0103rne\u0219ti, jude\u021bul Bra\u0219ov. Leu a men\u021bionat c\u0103 primarul ora\u0219ului [&hellip;]<\/p>\n","protected":false},"author":6,"featured_media":4293,"comment_status":"open","ping_status":"open","sticky":false,"template":"","format":"standard","meta":{"jnews-multi-image_gallery":[],"jnews_single_post":[],"jnews_primary_category":[],"jnews_override_counter":[],"footnotes":""},"categories":[46],"tags":[6711,6702,4218,6709,676,149,6712,6710],"class_list":["post-4292","post","type-post","status-publish","format-standard","has-post-thumbnail","hentry","category-sport","tag-bobalna","tag-box","tag-competitii","tag-gale","tag-germania","tag-romania","tag-victor-leu","tag-zarnesti"],"_links":{"self":[{"href":"https:\/\/www.newsrecorder.ro\/app\/wp-json\/wp\/v2\/posts\/4292","targetHints":{"allow":["GET"]}}],"collection":[{"href":"https:\/\/www.newsrecorder.ro\/app\/wp-json\/wp\/v2\/posts"}],"about":[{"href":"https:\/\/www.newsrecorder.ro\/app\/wp-json\/wp\/v2\/types\/post"}],"author":[{"embeddable":true,"href":"https:\/\/www.newsrecorder.ro\/app\/wp-json\/wp\/v2\/users\/6"}],"replies":[{"embeddable":true,"href":"https:\/\/www.newsrecorder.ro\/app\/wp-json\/wp\/v2\/comments?post=4292"}],"version-history":[{"count":0,"href":"https:\/\/www.newsrecorder.ro\/app\/wp-json\/wp\/v2\/posts\/4292\/revisions"}],"wp:featuredmedia":[{"embeddable":true,"href":"https:\/\/www.newsrecorder.ro\/app\/wp-json\/wp\/v2\/media\/4293"}],"wp:attachment":[{"href":"https:\/\/www.newsrecorder.ro\/app\/wp-json\/wp\/v2\/media?parent=4292"}],"wp:term":[{"taxonomy":"category","embeddable":true,"href":"https:\/\/www.newsrecorder.ro\/app\/wp-json\/wp\/v2\/categories?post=4292"},{"taxonomy":"post_tag","embeddable":true,"href":"https:\/\/www.newsrecorder.ro\/app\/wp-json\/wp\/v2\/tags?post=4292"}],"curies":[{"name":"wp","href":"https:\/\/api.w.org\/{rel}","templated":true}]}}