{"id":431,"date":"2026-01-23T19:49:24","date_gmt":"2026-01-23T19:49:24","guid":{"rendered":"https:\/\/www.newsrecorder.ro\/app\/2026\/01\/23\/ilie-bolojan-contracareaza-acuzatiile-olgutei-vasilescu-despre-craiova\/"},"modified":"2026-01-23T19:49:24","modified_gmt":"2026-01-23T19:49:24","slug":"ilie-bolojan-contracareaza-acuzatiile-olgutei-vasilescu-despre-craiova","status":"publish","type":"post","link":"https:\/\/www.newsrecorder.ro\/app\/2026\/01\/23\/ilie-bolojan-contracareaza-acuzatiile-olgutei-vasilescu-despre-craiova\/","title":{"rendered":"Ilie Bolojan contracareaz\u0103 acuza\u021biile Olgu\u021bei Vasilescu despre Craiova!"},"content":{"rendered":"<p>Premierul Ilie Bolojan a r\u0103spuns vineri seara, \u00een cadrul unei emisiuni la Digi24, acuza\u021biilor formulate de primarul Craiovei, <a href=\"https:\/\/www.mediafax.ro\/stirile-zilei\/lia-olguta-vasilescu-psd-se-afla-intr-o-procedura-de-consultare-daca-bolojan-mai-ramane-sau-nu-la-guvernare-23673148\">Lia Olgu\u021ba Vasilescu<\/a>. Aceasta l-a acuzat pe premier c\u0103 ar avea o vendet\u0103 personal\u0103 \u00eempotriva ei \u0219i c\u0103 a l\u0103sat ora\u0219ul Craiova \u00een frig, afect\u00e2nd astfel \u0219i activitatea companiei Ford.<\/p>\n<p>\u00cen fa\u021ba acestor afirma\u021bii, Bolojan a negat categoric acuza\u021biile \u0219i a explicat care sunt, de fapt, cauzele reale ale dificult\u0103\u021bilor cu care se confrunt\u0103 CET Craiova.<\/p>\n<p>C\u00e2nd a fost \u00eentrebat despre nemul\u021bumirile venite din partea primarilor \u0219i mesajele transmise de Olgu\u021ba Vasilescu, premierul a subliniat importan\u021ba abord\u0103rii discu\u021biilor pe baza faptelor concrete, \u00een loc de acuza\u021bii personale. \u201eEu sunt de vin\u0103 c\u0103 la Craiova au fost alocate pentru CET 168 milioane de euro timp de patru ani de zile \u0219i nu s-au f\u0103cut lucr\u0103rile acolo?\u201d, a \u00eentrebat retoric Bolojan.<\/p>\n<p>Premierul a continuat s\u0103 clarifice c\u0103 nu a avut nicio responsabilitate direct\u0103 \u00een gestionarea companiei sau \u00een numirea conducerii acesteia. \u201eBolojan i-a numit oamenii \u00een Consiliul de Administra\u021bie sau am avut o responsabilitate direct\u0103 pe tema asta?\u201d, a \u00eentrebat el, argument\u00e2nd c\u0103 deciziile au fost luate la nivel local de c\u0103tre conducerea societ\u0103\u021bii \u00een ultimii ani.<\/p>\n<p>De asemenea, Bolojan a subliniat c\u0103 nu poate fi f\u0103cut responsabil pentru \u00eemprumutul de 70 milioane de euro luat anul trecut de CET Craiova de la Exim Bank, un \u00eemprumut pe care, conform afirma\u021biilor sale, compania nu \u00eel va mai rambursa niciodat\u0103. \u201eA\u0219 vrea s\u0103 \u0219tiu ce investi\u021bii au fost realizate cu ace\u0219ti bani, \u00een afar\u0103 de a pl\u0103ti pentru certificatele de CO2 sau alte cheltuieli?\u201d, a ad\u0103ugat el.<\/p>\n<p>Premierul a men\u021bionat c\u0103 problemele actuale ale CET nu sunt rezultatul unor decizii recente ale Guvernului, ci ale unui management deficitar \u0219i al unor proiecte prost concepute. \u201eEu nu fac acuza\u021bii, v-am oferit ni\u0219te cifre. Dac\u0103 s-ar fi realizat proiectul pe fonduri europene, av\u00e2nd o gestionare atent\u0103 din partea Ministerului Energiei \u0219i a conducerii societ\u0103\u021bii, situa\u021bia ar fi fost diferit\u0103\u201d, a explicat Bolojan.<\/p>\n<p>Acesta a subliniat c\u0103 solu\u021bionarea problemelor de la Craiova necesit\u0103 munc\u0103 \u0219i investi\u021bii, inclusiv din fonduri europene. \u201eAsta \u00eenseamn\u0103 s\u0103 stai pe proiecte \u0219i s\u0103 lucrezi serios, iar o astfel de central\u0103 nu se poate construi peste noapte. Este nevoie de doi sau trei ani pentru a finaliza un astfel de proiect\u201d, a concluzionat premierul Ilie Bolojan.<\/p>\n","protected":false},"excerpt":{"rendered":"<p>Premierul Ilie Bolojan a r\u0103spuns vineri seara, \u00een cadrul unei emisiuni la Digi24, acuza\u021biilor formulate de primarul Craiovei, Lia Olgu\u021ba Vasilescu. Aceasta l-a acuzat pe premier c\u0103 ar avea o vendet\u0103 personal\u0103 \u00eempotriva ei \u0219i c\u0103 a l\u0103sat ora\u0219ul Craiova \u00een frig, afect\u00e2nd astfel \u0219i activitatea companiei Ford. \u00cen fa\u021ba acestor afirma\u021bii, Bolojan a negat [&hellip;]<\/p>\n","protected":false},"author":2,"featured_media":432,"comment_status":"open","ping_status":"open","sticky":false,"template":"","format":"standard","meta":{"jnews-multi-image_gallery":[],"jnews_single_post":[],"jnews_primary_category":[],"jnews_override_counter":[],"footnotes":""},"categories":[42],"tags":[643,644,642,646,367,645,302,641],"class_list":["post-431","post","type-post","status-publish","format-standard","has-post-thumbnail","hentry","category-politica","tag-acuzatii","tag-cet","tag-craiova","tag-discutii","tag-finantare","tag-ford","tag-ilie-bolojan","tag-lia-olguta-vasilescu"],"_links":{"self":[{"href":"https:\/\/www.newsrecorder.ro\/app\/wp-json\/wp\/v2\/posts\/431","targetHints":{"allow":["GET"]}}],"collection":[{"href":"https:\/\/www.newsrecorder.ro\/app\/wp-json\/wp\/v2\/posts"}],"about":[{"href":"https:\/\/www.newsrecorder.ro\/app\/wp-json\/wp\/v2\/types\/post"}],"author":[{"embeddable":true,"href":"https:\/\/www.newsrecorder.ro\/app\/wp-json\/wp\/v2\/users\/2"}],"replies":[{"embeddable":true,"href":"https:\/\/www.newsrecorder.ro\/app\/wp-json\/wp\/v2\/comments?post=431"}],"version-history":[{"count":0,"href":"https:\/\/www.newsrecorder.ro\/app\/wp-json\/wp\/v2\/posts\/431\/revisions"}],"wp:featuredmedia":[{"embeddable":true,"href":"https:\/\/www.newsrecorder.ro\/app\/wp-json\/wp\/v2\/media\/432"}],"wp:attachment":[{"href":"https:\/\/www.newsrecorder.ro\/app\/wp-json\/wp\/v2\/media?parent=431"}],"wp:term":[{"taxonomy":"category","embeddable":true,"href":"https:\/\/www.newsrecorder.ro\/app\/wp-json\/wp\/v2\/categories?post=431"},{"taxonomy":"post_tag","embeddable":true,"href":"https:\/\/www.newsrecorder.ro\/app\/wp-json\/wp\/v2\/tags?post=431"}],"curies":[{"name":"wp","href":"https:\/\/api.w.org\/{rel}","templated":true}]}}