{"id":4316,"date":"2026-02-21T04:48:33","date_gmt":"2026-02-21T04:48:33","guid":{"rendered":"https:\/\/www.newsrecorder.ro\/app\/2026\/02\/21\/zelenski-ucraina-recupereaza-300-km%c2%b2-in-contraofensiva-in-sud\/"},"modified":"2026-02-21T04:48:33","modified_gmt":"2026-02-21T04:48:33","slug":"zelenski-ucraina-recupereaza-300-km%c2%b2-in-contraofensiva-in-sud","status":"publish","type":"post","link":"https:\/\/www.newsrecorder.ro\/app\/2026\/02\/21\/zelenski-ucraina-recupereaza-300-km%c2%b2-in-contraofensiva-in-sud\/","title":{"rendered":"Zelenski: Ucraina recupereaz\u0103 300 km\u00b2 \u00een contraofensiv\u0103 \u00een sud!"},"content":{"rendered":"<p>\u00centr-un interviu recent acordat agen\u021biei <a style=\"color: #0000ff\" href=\"https:\/\/www.lefigaro.fr\/international\/abandon-du-donbass-problemes-avec-starlink-troupes-europeennes-sur-le-front-volodymyr-zelensky-fait-le-point-sur-la-situation-en-ukraine-20260220\">AFP<\/a>, pre\u0219edintele ucrainean Volodimir Zelenski a subliniat c\u0103, de\u0219i nu se poate afirma c\u0103 Ucraina pierde r\u0103zboiul, \u00eentrebarea crucial\u0103 r\u0103m\u00e2ne dac\u0103 va reu\u0219i s\u0103 c\u00e2\u0219tige. El a remarcat c\u0103 aceast\u0103 \u00eentrebare vine cu un pre\u021b semnificativ.<\/p>\n<p>Zelenski a anun\u021bat cu m\u00e2ndrie c\u0103 armata ucrainean\u0103 a reu\u0219it s\u0103 recupereze 300 de kilometri p\u0103tra\u021bi de teritoriu \u00een cadrul unei contraofensive, afirm\u00e2nd: \u201eAst\u0103zi pot felicita armata noastr\u0103, toate for\u021bele de ap\u0103rare, pentru c\u0103 p\u00e2n\u0103 \u00een prezent au fost elibera\u021bi 300 de kilometri p\u0103tra\u021bi\u201d.<\/p>\n<p>Referitor la situa\u021bia militar\u0103 actual\u0103, pre\u0219edintele a men\u021bionat c\u0103 exist\u0103 dificult\u0103\u021bi tehnice pe front, inclusiv probleme legate de conectivitatea la serviciul Starlink. \u201eExist\u0103 probleme, exist\u0103 provoc\u0103ri. I-am cerut ministrului Ap\u0103r\u0103rii s\u0103 fac\u0103 tot ce poate. For\u021bele ruse\u0219ti au probleme mult mai serioase \u00een aceast\u0103 privin\u021b\u0103\u201d, a ad\u0103ugat Zelenski.<\/p>\n<p>\u00cen ceea ce prive\u0219te <a style=\"color: #0000ff\" href=\"https:\/\/www.mediafax.ro\/externe\/zelenski-ucraina-accepta-compromisuri-reale-dar-rusia-practica-terorism-23690277\">negocierile de pace<\/a>, pre\u0219edintele a declarat c\u0103 at\u00e2t Moscova, c\u00e2t \u0219i Washingtonul i-au sugerat s\u0103 renun\u021be la Donbas. \u201eAmericanii \u0219i ru\u0219ii spun c\u0103, dac\u0103 vre\u021bi ca r\u0103zboiul s\u0103 se termine m\u00e2ine, p\u0103r\u0103si\u021bi Donbasul\u201d, a afirmat liderul de la Kiev.<\/p>\n<p>De asemenea, Zelenski a acuzat Rusia de inten\u021bia de a folosi ideea organiz\u0103rii de alegeri \u00een Ucraina pentru a-l \u00eendep\u0103rta de la conducere: \u201eNimeni \u00een Ucraina nu \u00ee\u0219i dore\u0219te alegeri \u00een timpul unui r\u0103zboi. Toat\u0103 lumea se teme de un efect distructiv, de o divizare a societ\u0103\u021bii\u201d.<\/p>\n<p>\u00cen cazul \u00een care se va ajunge la un armisti\u021biu, pre\u0219edintele a subliniat c\u0103 Ucraina ar dori ca trupele str\u0103ine s\u0103 fie desf\u0103\u0219urate mai aproape de linia frontului. <\/p>\n<p>\u00cen ceea ce prive\u0219te sprijinul interna\u021bional, Zelenski a confirmat c\u0103 Ucraina continu\u0103 s\u0103 beneficieze de asisten\u021b\u0103 din partea Statelor Unite, Fran\u021bei \u0219i altor parteneri europeni, la un nivel similar cu cel anterior.<\/p>\n","protected":false},"excerpt":{"rendered":"<p>\u00centr-un interviu recent acordat agen\u021biei AFP, pre\u0219edintele ucrainean Volodimir Zelenski a subliniat c\u0103, de\u0219i nu se poate afirma c\u0103 Ucraina pierde r\u0103zboiul, \u00eentrebarea crucial\u0103 r\u0103m\u00e2ne dac\u0103 va reu\u0219i s\u0103 c\u00e2\u0219tige. El a remarcat c\u0103 aceast\u0103 \u00eentrebare vine cu un pre\u021b semnificativ. Zelenski a anun\u021bat cu m\u00e2ndrie c\u0103 armata ucrainean\u0103 a reu\u0219it s\u0103 recupereze 300 de [&hellip;]<\/p>\n","protected":false},"author":2,"featured_media":4317,"comment_status":"open","ping_status":"open","sticky":false,"template":"","format":"standard","meta":{"jnews-multi-image_gallery":[],"jnews_single_post":[],"jnews_primary_category":[],"jnews_override_counter":[],"footnotes":""},"categories":[41],"tags":[6742,6741,4149,915,2521,685,682,1030],"class_list":["post-4316","post","type-post","status-publish","format-standard","has-post-thumbnail","hentry","category-externe","tag-armata-ucraineana","tag-contraofensiva","tag-probleme-tehnice","tag-razboi","tag-starlink","tag-teritoriu","tag-ucraina","tag-zelenski"],"_links":{"self":[{"href":"https:\/\/www.newsrecorder.ro\/app\/wp-json\/wp\/v2\/posts\/4316","targetHints":{"allow":["GET"]}}],"collection":[{"href":"https:\/\/www.newsrecorder.ro\/app\/wp-json\/wp\/v2\/posts"}],"about":[{"href":"https:\/\/www.newsrecorder.ro\/app\/wp-json\/wp\/v2\/types\/post"}],"author":[{"embeddable":true,"href":"https:\/\/www.newsrecorder.ro\/app\/wp-json\/wp\/v2\/users\/2"}],"replies":[{"embeddable":true,"href":"https:\/\/www.newsrecorder.ro\/app\/wp-json\/wp\/v2\/comments?post=4316"}],"version-history":[{"count":0,"href":"https:\/\/www.newsrecorder.ro\/app\/wp-json\/wp\/v2\/posts\/4316\/revisions"}],"wp:featuredmedia":[{"embeddable":true,"href":"https:\/\/www.newsrecorder.ro\/app\/wp-json\/wp\/v2\/media\/4317"}],"wp:attachment":[{"href":"https:\/\/www.newsrecorder.ro\/app\/wp-json\/wp\/v2\/media?parent=4316"}],"wp:term":[{"taxonomy":"category","embeddable":true,"href":"https:\/\/www.newsrecorder.ro\/app\/wp-json\/wp\/v2\/categories?post=4316"},{"taxonomy":"post_tag","embeddable":true,"href":"https:\/\/www.newsrecorder.ro\/app\/wp-json\/wp\/v2\/tags?post=4316"}],"curies":[{"name":"wp","href":"https:\/\/api.w.org\/{rel}","templated":true}]}}