{"id":4320,"date":"2026-02-21T04:48:58","date_gmt":"2026-02-21T04:48:58","guid":{"rendered":"https:\/\/www.newsrecorder.ro\/app\/2026\/02\/21\/trump-promite-un-tarif-global-de-10-dupa-verdictul-curtii-supreme\/"},"modified":"2026-02-21T04:48:58","modified_gmt":"2026-02-21T04:48:58","slug":"trump-promite-un-tarif-global-de-10-dupa-verdictul-curtii-supreme","status":"publish","type":"post","link":"https:\/\/www.newsrecorder.ro\/app\/2026\/02\/21\/trump-promite-un-tarif-global-de-10-dupa-verdictul-curtii-supreme\/","title":{"rendered":"Trump promite un tarif global de 10% dup\u0103 verdictul Cur\u021bii Supreme"},"content":{"rendered":"<p>Vineri, Donald Trump a anun\u021bat implementarea unei noi taxe vamale, \u00een urma deciziei Cur\u021bii Supreme a Statelor Unite, care a stabilit c\u0103 pre\u0219edintele nu poate lua astfel de m\u0103suri \u00een mod unilateral.<\/p>\n<p>\u201eAst\u0103zi, voi semna un ordin prin care voi impune un tarif global de 10% conform Sec\u021biunii 122, pe l\u00e2ng\u0103 tarifele standard pe care le aplic\u0103m deja. Am capacitatea de a distruge comer\u021bul, pot afecta grav economia unei \u021b\u0103ri. De fapt, am autoritatea de a impune un embargou care ar putea afecta o na\u021biune str\u0103in\u0103. Pot lua orice decizie doresc, dar nu pot percepe un dolar, deoarece aceasta nu este stipulat\u0103\u201d, a declarat Trump, conform <a style=\"color: #0000ff\" href=\"https:\/\/www.reuters.com\/world\/us\/scotus-live-us-supreme-court-rules-legality-trumps-tariffs-2026-02-20\/\">Reuters<\/a>.<\/p>\n<p>\u00cen acela\u0219i timp, el a transmis un mesaj partenerilor externi, sugereaz\u0103 c\u0103 ace\u0219tia \u201es\u0103rb\u0103toresc\u201d decizia Cur\u021bii: \u201e\u021a\u0103rile str\u0103ine care ne-au profitat de ani de zile sunt extaziate. Se bucur\u0103 \u0219i danseaz\u0103 pe str\u0103zi, dar nu vor avea parte de o petrecere \u00eendelungat\u0103, aceasta este o promisiune\u201d, a ad\u0103ugat el.<\/p>\n<p>Trump nu a ezitat s\u0103 critice dur Curtea Suprem\u0103, afirm\u00e2nd c\u0103 decizia a fost influen\u021bat\u0103 de interese externe \u0219i de o mi\u0219care politic\u0103 mult mai restr\u00e2ns\u0103 dec\u00e2t \u0219i-ar imagina oamenii. \u201eJudec\u0103torii se comport\u0103 ca ni\u0219te nepricepu\u021bi \u0219i ca ni\u0219te unelte ale a\u0219a-numitelor for\u021be republicane \u0219i ale democra\u021bilor radicali de st\u00e2nga\u201d, a mai spus el, conform unei reportaj de la <a style=\"color: #0000ff\" href=\"https:\/\/apnews.com\/live\/supreme-court-tariff-ruling-updates#0000019c-7c59-d23a-abff-7efbdd030000\">Associated Press<\/a>.<\/p>\n","protected":false},"excerpt":{"rendered":"<p>Vineri, Donald Trump a anun\u021bat implementarea unei noi taxe vamale, \u00een urma deciziei Cur\u021bii Supreme a Statelor Unite, care a stabilit c\u0103 pre\u0219edintele nu poate lua astfel de m\u0103suri \u00een mod unilateral. \u201eAst\u0103zi, voi semna un ordin prin care voi impune un tarif global de 10% conform Sec\u021biunii 122, pe l\u00e2ng\u0103 tarifele standard pe care [&hellip;]<\/p>\n","protected":false},"author":2,"featured_media":4321,"comment_status":"open","ping_status":"open","sticky":false,"template":"","format":"standard","meta":{"jnews-multi-image_gallery":[],"jnews_single_post":[],"jnews_primary_category":[],"jnews_override_counter":[],"footnotes":""},"categories":[41],"tags":[875,6573,31,780,6744,6745,6746,325],"class_list":["post-4320","post","type-post","status-publish","format-standard","has-post-thumbnail","hentry","category-externe","tag-comert","tag-curtea-suprema","tag-jnews_demo_donald-trump","tag-economie","tag-embargou","tag-parteneri-externi","tag-sectiunea-122","tag-taxe-vamale"],"_links":{"self":[{"href":"https:\/\/www.newsrecorder.ro\/app\/wp-json\/wp\/v2\/posts\/4320","targetHints":{"allow":["GET"]}}],"collection":[{"href":"https:\/\/www.newsrecorder.ro\/app\/wp-json\/wp\/v2\/posts"}],"about":[{"href":"https:\/\/www.newsrecorder.ro\/app\/wp-json\/wp\/v2\/types\/post"}],"author":[{"embeddable":true,"href":"https:\/\/www.newsrecorder.ro\/app\/wp-json\/wp\/v2\/users\/2"}],"replies":[{"embeddable":true,"href":"https:\/\/www.newsrecorder.ro\/app\/wp-json\/wp\/v2\/comments?post=4320"}],"version-history":[{"count":0,"href":"https:\/\/www.newsrecorder.ro\/app\/wp-json\/wp\/v2\/posts\/4320\/revisions"}],"wp:featuredmedia":[{"embeddable":true,"href":"https:\/\/www.newsrecorder.ro\/app\/wp-json\/wp\/v2\/media\/4321"}],"wp:attachment":[{"href":"https:\/\/www.newsrecorder.ro\/app\/wp-json\/wp\/v2\/media?parent=4320"}],"wp:term":[{"taxonomy":"category","embeddable":true,"href":"https:\/\/www.newsrecorder.ro\/app\/wp-json\/wp\/v2\/categories?post=4320"},{"taxonomy":"post_tag","embeddable":true,"href":"https:\/\/www.newsrecorder.ro\/app\/wp-json\/wp\/v2\/tags?post=4320"}],"curies":[{"name":"wp","href":"https:\/\/api.w.org\/{rel}","templated":true}]}}