{"id":4324,"date":"2026-02-21T04:49:28","date_gmt":"2026-02-21T04:49:28","guid":{"rendered":"https:\/\/www.newsrecorder.ro\/app\/2026\/02\/21\/britanicii-discuta-eliminarea-fratelui-regelui-charles-din-succesiune\/"},"modified":"2026-02-21T04:49:28","modified_gmt":"2026-02-21T04:49:28","slug":"britanicii-discuta-eliminarea-fratelui-regelui-charles-din-succesiune","status":"publish","type":"post","link":"https:\/\/www.newsrecorder.ro\/app\/2026\/02\/21\/britanicii-discuta-eliminarea-fratelui-regelui-charles-din-succesiune\/","title":{"rendered":"Britanicii discut\u0103 eliminarea fratelui regelui Charles din succesiune!"},"content":{"rendered":"<p>Fratele regelui r\u0103m\u00e2ne pe locul opt \u00een linia de succesiune la tron, \u00een ciuda retragerii titlurilor sale, inclusiv a celui de prin\u021b, \u00een urma scandalului legat de leg\u0103turile sale cu Jeffrey Epstein, incident ce a avut loc \u00een octombrie anul trecut.<\/p>\n<p>\u00cen seara zilei de joi, <a href=\"https:\/\/www.mediafax.ro\/externe\/andrew-mountbatten-windsor-a-fost-eliberat-dar-nu-a-scapat-de-ancheta-23689918\">Andrew Mountbatten-Windsor<\/a> a fost eliberat, la 11 ore dup\u0103 arestarea sa, fiind investigat pentru abuz \u00een func\u021bie public\u0103. Acesta a respins vehement acuza\u021biile formulate \u00eempotriva sa.<\/p>\n<p>\u00cen ziua de vineri, mai multe vehicule ale poli\u021biei au fost observate la Royal Lodge, re\u0219edin\u021ba din Windsor a lui Andrew. Conform informa\u021biilor furnizate de <a href=\"https:\/\/www.bbc.com\/news\/articles\/c1kgv837wvdo\" target=\"_blank\" rel=\"noopener\">BBC<\/a>, autorit\u0103\u021bile inten\u021bioneaz\u0103 s\u0103 continue perchezi\u021biile \u00een aceast\u0103 loca\u021bie p\u00e2n\u0103 luni.<\/p>\n<p>Propunerea guvernului britanic a fost generat\u0103 de sus\u021binerea exprimat\u0103 de mai mul\u021bi parlamentari, inclusiv din Partidul Liberal Democrat \u0219i SNP, care au declarat c\u0103 ar fi \u00een favoarea unei astfel de legi.<\/p>\n<p>Pe de alt\u0103 parte, unii deputa\u021bi laburi\u0219ti, critici ai monarhiei, au men\u021bionat pentru BBC c\u0103 nu sunt convin\u0219i de necesitatea acestei m\u0103suri, av\u00e2nd \u00een vedere c\u0103 este foarte pu\u021bin probabil ca fostul Duce de York s\u0103 se apropie vreodat\u0103 de tron.<\/p>\n<p>\u00cen luna octombrie, Guvernul britanic a comunicat c\u0103 nu are inten\u021bia de a introduce o lege care s\u0103 modifice linia de succesiune.<\/p>\n<p>\u00cen cazul \u00een care s-ar dori o asemenea modificare, ar fi necesar\u0103 o lege a Parlamentului, care s\u0103 fie aprobat\u0103 at\u00e2t de deputa\u021bi, c\u00e2t \u0219i de Camera Lorzilor. Mai mult, modificarea ar trebui s\u0103 primeasc\u0103 sus\u021binerea din partea tuturor celorlalte \u021b\u0103ri din Commonwealth care \u00eel recunosc pe regele Charles ca \u0219ef al statului, deoarece ar influen\u021ba \u0219i liniile lor de succesiune.<\/p>\n<p>Este important de men\u021bionat c\u0103 ultima dat\u0103 c\u00e2nd cineva a fost eliminat din linia de succesiune printr-un act legislativ a fost \u00een 1936, \u00een urma abdic\u0103rii lui Edward al VIII-lea, c\u00e2nd au fost exclu\u0219i \u0219i descenden\u021bii acestuia.<\/p>\n","protected":false},"excerpt":{"rendered":"<p>Fratele regelui r\u0103m\u00e2ne pe locul opt \u00een linia de succesiune la tron, \u00een ciuda retragerii titlurilor sale, inclusiv a celui de prin\u021b, \u00een urma scandalului legat de leg\u0103turile sale cu Jeffrey Epstein, incident ce a avut loc \u00een octombrie anul trecut. \u00cen seara zilei de joi, Andrew Mountbatten-Windsor a fost eliberat, la 11 ore dup\u0103 [&hellip;]<\/p>\n","protected":false},"author":2,"featured_media":4325,"comment_status":"open","ping_status":"open","sticky":false,"template":"","format":"standard","meta":{"jnews-multi-image_gallery":[],"jnews_single_post":[],"jnews_primary_category":[],"jnews_override_counter":[],"footnotes":""},"categories":[41],"tags":[6461,3294,6755,6751,6756,6754,6753,6752],"class_list":["post-4324","post","type-post","status-publish","format-standard","has-post-thumbnail","hentry","category-externe","tag-abuz-in-functie-publica","tag-andrew-mountbatten-windsor","tag-guvern-britanic","tag-linia-de-succesiune","tag-parlamentari","tag-perchezitii-politie","tag-royal-lodge","tag-scandal-jeffrey-epstein"],"_links":{"self":[{"href":"https:\/\/www.newsrecorder.ro\/app\/wp-json\/wp\/v2\/posts\/4324","targetHints":{"allow":["GET"]}}],"collection":[{"href":"https:\/\/www.newsrecorder.ro\/app\/wp-json\/wp\/v2\/posts"}],"about":[{"href":"https:\/\/www.newsrecorder.ro\/app\/wp-json\/wp\/v2\/types\/post"}],"author":[{"embeddable":true,"href":"https:\/\/www.newsrecorder.ro\/app\/wp-json\/wp\/v2\/users\/2"}],"replies":[{"embeddable":true,"href":"https:\/\/www.newsrecorder.ro\/app\/wp-json\/wp\/v2\/comments?post=4324"}],"version-history":[{"count":0,"href":"https:\/\/www.newsrecorder.ro\/app\/wp-json\/wp\/v2\/posts\/4324\/revisions"}],"wp:featuredmedia":[{"embeddable":true,"href":"https:\/\/www.newsrecorder.ro\/app\/wp-json\/wp\/v2\/media\/4325"}],"wp:attachment":[{"href":"https:\/\/www.newsrecorder.ro\/app\/wp-json\/wp\/v2\/media?parent=4324"}],"wp:term":[{"taxonomy":"category","embeddable":true,"href":"https:\/\/www.newsrecorder.ro\/app\/wp-json\/wp\/v2\/categories?post=4324"},{"taxonomy":"post_tag","embeddable":true,"href":"https:\/\/www.newsrecorder.ro\/app\/wp-json\/wp\/v2\/tags?post=4324"}],"curies":[{"name":"wp","href":"https:\/\/api.w.org\/{rel}","templated":true}]}}