{"id":4334,"date":"2026-02-21T05:13:11","date_gmt":"2026-02-21T05:13:11","guid":{"rendered":"https:\/\/www.newsrecorder.ro\/app\/2026\/02\/21\/legaturi-istorice-vizita-lui-nicusor-dan-in-sua-si-ceausescu-acum-52-de-ani\/"},"modified":"2026-02-21T05:13:11","modified_gmt":"2026-02-21T05:13:11","slug":"legaturi-istorice-vizita-lui-nicusor-dan-in-sua-si-ceausescu-acum-52-de-ani","status":"publish","type":"post","link":"https:\/\/www.newsrecorder.ro\/app\/2026\/02\/21\/legaturi-istorice-vizita-lui-nicusor-dan-in-sua-si-ceausescu-acum-52-de-ani\/","title":{"rendered":"Leg\u0103turi istorice: Vizita lui Nicu\u0219or Dan \u00een SUA \u0219i Ceau\u0219escu acum 52 de ani"},"content":{"rendered":"<p>Vizita recent\u0103 a lui Nicu\u0219or Dan \u00een Statele Unite ale Americii a avut un caracter diferit fa\u021b\u0103 de o vizit\u0103 oficial\u0103 de stat. De\u0219i pre\u0219edintele rom\u00e2n a avut ocazia s\u0103 se \u00eent\u00e2lneasc\u0103 cu omologul s\u0103u american \u0219i s\u0103 discute cu oficiali de rang \u00eenalt ai administra\u021biei de la Washington, \u00eent\u00e2lnirile nu s-au comparat cu primirea ceremonial\u0103 pe care a avut-o Nicolae Ceau\u0219escu acum 52 de ani, c\u00e2nd a fost \u00eent\u00e2mpinat cu o gard\u0103 de onoare pe peluza Casei Albe, de c\u0103tre Richard Nixon, conform documentelor istorice disponibile la Consiliul Na\u021bional pentru Studierea Arhivelor Securit\u0103\u021bii (CNSAS).<\/p>\n<p>Pe parcursul vizitei, am\u00e2ndoi lideri au subliniat importan\u021ba consolid\u0103rii rela\u021biilor bilaterale, cu accent pe dezvoltarea economic\u0103 \u0219i atragerea de investi\u021bii americane \u00een Rom\u00e2nia.<\/p>\n<p><strong>Mesajul lui Nicu\u0219or Dan de la Washington<\/strong><\/p>\n<p>Principala motiva\u021bie a pre\u0219edintelui Rom\u00e2niei la Washington, unde a participat ca observator la \u00eent\u00e2lnirea inaugural\u0103 a Consiliului P\u0103cii, a fost clarificat\u0103. Nicu\u0219or Dan a explicat: \u201ePentru politica noastr\u0103 extern\u0103, este esen\u021bial s\u0103 fim parteneri \u00een diferite formate, iar \u00een special \u00een ceea ce prive\u0219te securitatea, s\u0103 \u00eent\u0103rim \u0219i s\u0103 aprofund\u0103m parteneriatul cu Statele Unite. Acesta este motivul pentru care am venit\u201d, a declarat el \u00eentr-o conferin\u021b\u0103 de pres\u0103 la Ambasada Rom\u00e2niei \u00een SUA.<\/p>\n<p>\u201eToate eforturile depuse \u00een aceast\u0103 rela\u021bie, de la ambasad\u0103 la mini\u0219tri \u0219i discu\u021bii tehnice, completeaz\u0103 un tablou al unei rela\u021bii extrem de mature, cu interese reciproce \u00eentre Rom\u00e2nia \u0219i Statele Unite\u201d, a ad\u0103ugat pre\u0219edintele.<\/p>\n<p>\u201eChiar \u0219i \u00een acest moment, pe l\u00e2ng\u0103 personalul ambasadei, exist\u0103 cel pu\u021bin cinci sau \u0219ase oficiali rom\u00e2ni care discut\u0103 cu oficiali americani pe diverse teme. Prezen\u021ba Pre\u0219edintelui a fost un gest simbolic, dar nu este prin interac\u021biunea aceasta c\u0103 se rezolv\u0103 problemele tehnice\u201d, a subliniat Nicu\u0219or Dan, f\u0103c\u00e2nd referire la preg\u0103tirea unei vizite oficiale viitoare.<\/p>\n<p><strong>Scopul lui Nicolae Ceau\u0219escu \u00een America<\/strong><\/p>\n<p>Vizita lui Nicolae Ceau\u0219escu \u00een SUA, desf\u0103\u0219urat\u0103 \u00eentre 4 \u0219i 7 decembrie 1973, a fost detaliat\u0103 \u00eentr-un volum de aproape 200 de pagini publicat de Editura Politic\u0103 \u00een 1974. Acesta cuprinde toate etapele vizitei, inclusiv interviuri cu presa interna\u021bional\u0103, ceremonia de primire la Casa Alb\u0103 \u0219i \u00eent\u00e2lnirile cu oficiali de rang \u00eenalt.<\/p>\n<p>Ceremonia de primire la Casa Alb\u0103 a fost transmis\u0103 \u00een direct de Televiziunea Rom\u00e2n\u0103, permi\u021b\u00e2nd rom\u00e2nilor s\u0103 observe solemnitatea momentului. \u00cen 4 decembrie, Ceau\u0219escu \u0219i so\u021bia sa, Elena, au fost \u00eent\u00e2mpina\u021bi c\u0103lduros de Richard Nixon \u0219i so\u021bia acestuia, Patricia. A fost un moment remarcabil \u00een rela\u021biile rom\u00e2no-americane, marc\u00e2nd a treia \u00eent\u00e2lnire la nivel preziden\u021bial dup\u0103 vizitele anterioare.<\/p>\n<p>Dup\u0103 o ceremonie impun\u0103toare, \u00een care s-au tras 21 de salve de artilerie, Ceau\u0219escu a fost condus spre podium, iar discursurile celor doi lideri au fost \u00eent\u00e2mpinate cu aplauze c\u0103lduroase.<\/p>\n<p><strong>Colaborarea economic\u0103 rom\u00e2no-american\u0103<\/strong><\/p>\n<p>Un moment semnificativ al vizitei lui Ceau\u0219escu a fost semnarea acordului pentru constituirea Consiliului rom\u00e2no-american pentru promovarea rela\u021biilor economice. Acordul a fost semnat de Roman Moldovan din partea rom\u00e2n\u0103 \u0219i Arch Booth din partea american\u0103. Ceau\u0219escu a subliniat importan\u021ba colabor\u0103rii economice cu Statele Unite, eviden\u021biind necesitatea unor ac\u021biuni concrete pentru a implementa acordurile.<\/p>\n<p>\u00cent\u00e2lnirile cu lideri economici americani de renume, inclusiv David Rockefeller, au fost esen\u021biale pentru \u00eent\u0103rirea rela\u021biilor comerciale. De asemenea, Ceau\u0219escu a vizitat uzine de renume, precum General Electric \u0219i Pratt Whitney, subliniind inten\u021bia Rom\u00e2niei de a extinde colaborarea \u00een domeniul economic.<\/p>\n<p>Vizita a avut loc \u00eentr-un context favorabil, cu un flux comercial \u00een cre\u0219tere \u00eentre Rom\u00e2nia \u0219i SUA, iar cei doi pre\u0219edin\u021bi au exprimat angajamentul de a promova \u0219i extinde cooperarea economic\u0103, bazat\u0103 pe respect reciproc \u0219i principii de egalitate.<\/p>\n<p><strong>Recunoa\u0219terea \u0219tiin\u021bific\u0103 pentru Elena Ceau\u0219escu<\/strong><\/p>\n<p>Un moment special a fost ceremonia \u00een care Elena Ceau\u0219escu a primit titlul de membru de onoare al Institutului american al chimi\u0219tilor, ca recunoa\u0219tere a contribu\u021biei sale \u00een domeniul chimiei. Aceasta a fost prima persoan\u0103 din afara SUA care a primit aceast\u0103 distinc\u021bie, consolid\u00e2nd imaginea \u0219tiin\u021bei rom\u00e2ne\u0219ti pe plan interna\u021bional.<\/p>\n<p><strong>Conferin\u021ba de pres\u0103 cu jurnali\u0219ti<\/strong><\/p>\n<p>Dup\u0103 \u00eent\u00e2lnirea cu liderii Congresului, Ceau\u0219escu a participat la un dejun oferit de Clubul na\u021bional al presei din Washington, unde a r\u0103spuns \u00eentreb\u0103rilor a aproape 200 de jurnali\u0219ti. Aceast\u0103 \u00eent\u00e2lnire a fost considerat\u0103 un dialog important, av\u00e2nd loc \u00een contextul \u00eennoirii rela\u021biilor interna\u021bionale.<\/p>\n<p><strong>145 de ani de rela\u021bii diplomatice<\/strong><\/p>\n<p>Ultima vizit\u0103 oficial\u0103 a unui pre\u0219edinte rom\u00e2n \u00een SUA a avut loc \u00een mai 2024, c\u00e2nd Klaus Iohannis s-a \u00eent\u00e2lnit cu pre\u0219edintele Joseph R. Biden Jr. pentru a discuta despre situa\u021bia din Ucraina \u0219i cooperarea \u00een domeniul securit\u0103\u021bii. Rela\u021biile diplomatice rom\u00e2no-americane vor \u00eemplini 145 de ani \u00een 2025, marc\u00e2nd \u00eenceputurile colabor\u0103rii bilaterale care a evoluat de-a lungul timpului, inclusiv \u00een perioada R\u0103zboiului Rece \u0219i dup\u0103 c\u0103derea comunismului.<\/p>\n<p>\u00cen 1975, SUA au acordat Rom\u00e2niei Clauza na\u021biunii celei mai favorizate, iar dup\u0103 1993, rela\u021biile au fost consolidate semnificativ, culmin\u00e2nd cu lansarea Parteneriatului Strategic \u00een 1997, care a \u00eent\u0103rit leg\u0103turile economice \u0219i politice dintre cele dou\u0103 \u021b\u0103ri.<\/p>\n<p><strong>Pentru detalii complete, <\/strong><a href=\"https:\/\/www.mediafax.ro\/\/wp-content\/uploads\/2026\/02\/1974-n-ceausescu-vizita-sua-1.pdf\"><strong>accesa\u021bi volumul integral.<\/strong><\/a><\/p>\n","protected":false},"excerpt":{"rendered":"<p>Vizita recent\u0103 a lui Nicu\u0219or Dan \u00een Statele Unite ale Americii a avut un caracter diferit fa\u021b\u0103 de o vizit\u0103 oficial\u0103 de stat. De\u0219i pre\u0219edintele rom\u00e2n a avut ocazia s\u0103 se \u00eent\u00e2lneasc\u0103 cu omologul s\u0103u american \u0219i s\u0103 discute cu oficiali de rang \u00eenalt ai administra\u021biei de la Washington, \u00eent\u00e2lnirile nu s-au comparat cu primirea [&hellip;]<\/p>\n","protected":false},"author":2,"featured_media":4335,"comment_status":"open","ping_status":"open","sticky":false,"template":"","format":"standard","meta":{"jnews-multi-image_gallery":[],"jnews_single_post":[],"jnews_primary_category":[],"jnews_override_counter":[],"footnotes":""},"categories":[39],"tags":[5415,1075,4275,873,286,1324,6773,6570],"class_list":["post-4334","post","type-post","status-publish","format-standard","has-post-thumbnail","hentry","category-stirile-zilei","tag-consiliul-pacii","tag-dezvoltare-economica","tag-investitii-americane","tag-istorie","tag-nicusor-dan","tag-relatii-bilaterale","tag-statele-unite-ale-americii","tag-vizita"],"_links":{"self":[{"href":"https:\/\/www.newsrecorder.ro\/app\/wp-json\/wp\/v2\/posts\/4334","targetHints":{"allow":["GET"]}}],"collection":[{"href":"https:\/\/www.newsrecorder.ro\/app\/wp-json\/wp\/v2\/posts"}],"about":[{"href":"https:\/\/www.newsrecorder.ro\/app\/wp-json\/wp\/v2\/types\/post"}],"author":[{"embeddable":true,"href":"https:\/\/www.newsrecorder.ro\/app\/wp-json\/wp\/v2\/users\/2"}],"replies":[{"embeddable":true,"href":"https:\/\/www.newsrecorder.ro\/app\/wp-json\/wp\/v2\/comments?post=4334"}],"version-history":[{"count":0,"href":"https:\/\/www.newsrecorder.ro\/app\/wp-json\/wp\/v2\/posts\/4334\/revisions"}],"wp:featuredmedia":[{"embeddable":true,"href":"https:\/\/www.newsrecorder.ro\/app\/wp-json\/wp\/v2\/media\/4335"}],"wp:attachment":[{"href":"https:\/\/www.newsrecorder.ro\/app\/wp-json\/wp\/v2\/media?parent=4334"}],"wp:term":[{"taxonomy":"category","embeddable":true,"href":"https:\/\/www.newsrecorder.ro\/app\/wp-json\/wp\/v2\/categories?post=4334"},{"taxonomy":"post_tag","embeddable":true,"href":"https:\/\/www.newsrecorder.ro\/app\/wp-json\/wp\/v2\/tags?post=4334"}],"curies":[{"name":"wp","href":"https:\/\/api.w.org\/{rel}","templated":true}]}}