{"id":4348,"date":"2026-02-21T13:12:14","date_gmt":"2026-02-21T13:12:14","guid":{"rendered":"https:\/\/www.newsrecorder.ro\/app\/2026\/02\/21\/starurile-u-bt-cluj-napoca-convocare-la-nationale-pentru-russell-si-colegii\/"},"modified":"2026-02-21T13:12:14","modified_gmt":"2026-02-21T13:12:14","slug":"starurile-u-bt-cluj-napoca-convocare-la-nationale-pentru-russell-si-colegii","status":"publish","type":"post","link":"https:\/\/www.newsrecorder.ro\/app\/2026\/02\/21\/starurile-u-bt-cluj-napoca-convocare-la-nationale-pentru-russell-si-colegii\/","title":{"rendered":"Starurile U-BT Cluj-Napoca, convocare la na\u021bionale pentru Russell \u0219i colegii!"},"content":{"rendered":"<p>Daron Russell, Iverson Molinar, Mitch Creek \u0219i Du\u0161an Mileti\u0107 se preg\u0103tesc s\u0103-\u0219i reprezinte \u021b\u0103rile \u00een meciurile interna\u021bionale programate \u00eentre 27 februarie \u0219i 2 martie.<\/p>\n<p>Daron Russell va \u00eembr\u0103ca pentru a treia oar\u0103 tricoul na\u021bionalei Rom\u00e2niei, revenind dup\u0103 confrunt\u0103rile dificile din noiembrie, c\u00e2nd echipa a pierdut \u00een fa\u021ba Greciei \u0219i Muntenegrului.<\/p>\n<p>\u201eSunt ner\u0103bd\u0103tor s\u0103 joc din nou pentru Rom\u00e2nia. Ne a\u0219teapt\u0103 dou\u0103 meciuri dificile \u00eempotriva Portugaliei, dar vom face tot posibilul pentru a ob\u021bine victorii\u201d, a declarat Russell \u00eenainte de reunirea lotului.<\/p>\n<p>\u00cen debutul s\u0103u pentru Rom\u00e2nia, \u00een meciul de la Salonic, Russell a reu\u0219it s\u0103 acumuleze 7 puncte \u0219i 8 pase decisive, iar \u00een confruntarea cu Muntenegru de la Pite\u0219ti, a fost cel mai bun marcator al echipei, cu 20 de puncte.<\/p>\n<p>Rom\u00e2nia se va confrunta cu Portugalia \u00een cadrul unei duble man\u0219e, prima partid\u0103 av\u00e2nd loc \u00een deplasare pe 27 februarie, la Coimbra, iar returul va fi disputat pe 2 martie, la Pite\u0219ti.<\/p>\n<p>Pentru aceste meciuri, selec\u021bionerul Mihai Silv\u0103\u0219an a convocat un lot extins, incluz\u00e2nd al\u021bi 15 juc\u0103tori. \u201eVoi aborda aceast\u0103 competi\u021bie cu dorin\u021ba de a munci pentru na\u021bionala Rom\u00e2niei. Avem dou\u0103 meciuri importante cu Portugalia \u0219i de aceast\u0103 dat\u0103 avem pu\u021bin mai mult timp pentru preg\u0103tire, ceea ce ne va ajuta. Ne concentr\u0103m pe fiecare meci \u00een parte, dorind s\u0103 c\u00e2\u0219tig\u0103m, \u0219i ne \u00eendrept\u0103m g\u00e2ndurile doar spre victorie, \u00een ciuda faptului c\u0103 echipa Portugaliei este considerat\u0103 favorit\u0103. Au participat la EuroBasket \u00een var\u0103 \u0219i sunt o echip\u0103 serioas\u0103, dar nu ne temem de nimeni. Ne dorim s\u0103 fim cea mai bun\u0103 versiune a noastr\u0103 \u0219i, de ce nu, s\u0103 ne asigur\u0103m o victorie\u201d, a declarat Mihai Silv\u0103\u0219an.<\/p>\n<p>Iverson Molinar va face parte din na\u021bionala Panamei, fiind convocat pentru meciurile cu Cuba \u0219i Argentina, programate pe 28 februarie \u0219i 2 martie. De\u0219i ambele confrunt\u0103ri erau ini\u021bial planificate \u00een deplasare, Federa\u021bia de Baschet a Cubei a solicitat ca meciul din 28 februarie s\u0103 se desf\u0103\u0219oare \u00een Panama City din cauza situa\u021biei interne.<\/p>\n<p>Molinar a reprezentat ultima oar\u0103 Panama anul trecut, \u00een meciurile \u00eempotriva Paraguayului \u0219i Braziliei, \u00een care a marcat 24 \u0219i 25 de puncte, av\u00e2nd c\u00e2te 7 pase decisive \u00een fiecare confruntare.<\/p>\n<p>Mitch Creek va reveni \u00een lotul Australiei pentru meciul \u00eempotriva Filipinelor pe 1 martie, dup\u0103 ce echipa va \u00eenfrunta Guam pe 26 februarie, \u00eens\u0103 el nu va participa la acest ultim meci. \u201eA purta maioul verde-auriu al na\u021bionalei Australiei este totul pentru mine, este o onoare s\u0103-mi reprezint \u021bara, familia \u0219i pe cei dragi\u201d, a declarat Creek \u00eenainte de plecare. \u00cen cele 20 de meciuri jucate pentru na\u021bional\u0103, el a adunat o medie de 12.4 puncte, 5.2 recuper\u0103ri \u0219i 2.5 pase decisive.<\/p>\n<p>Du\u0161an Mileti\u0107 a fost inclus de selec\u021bionerul Du\u0161an Alimpijevi\u0107 \u00een lotul de 24 de juc\u0103tori al Serbiei pentru meciurile cruciale \u00eempotriva Turciei. \u201eSunt extrem de fericit \u0219i m\u00e2ndru c\u0103 am fost convocat pentru aceste dou\u0103 meciuri, este o mare onoare pentru mine. \u00cemi doresc s\u0103 contribui la succesul echipei na\u021bionale \u0219i s\u0103 c\u00e2\u0219tig\u0103m ambele confrunt\u0103ri\u201d, a declarat Mileti\u0107 \u00een drum spre Belgrad.<\/p>\n","protected":false},"excerpt":{"rendered":"<p>Daron Russell, Iverson Molinar, Mitch Creek \u0219i Du\u0161an Mileti\u0107 se preg\u0103tesc s\u0103-\u0219i reprezinte \u021b\u0103rile \u00een meciurile interna\u021bionale programate \u00eentre 27 februarie \u0219i 2 martie. Daron Russell va \u00eembr\u0103ca pentru a treia oar\u0103 tricoul na\u021bionalei Rom\u00e2niei, revenind dup\u0103 confrunt\u0103rile dificile din noiembrie, c\u00e2nd echipa a pierdut \u00een fa\u021ba Greciei \u0219i Muntenegrului. \u201eSunt ner\u0103bd\u0103tor s\u0103 joc din [&hellip;]<\/p>\n","protected":false},"author":6,"featured_media":4349,"comment_status":"open","ping_status":"open","sticky":false,"template":"","format":"standard","meta":{"jnews-multi-image_gallery":[],"jnews_single_post":[],"jnews_primary_category":[],"jnews_override_counter":[],"footnotes":""},"categories":[46],"tags":[6797,6799,6798,4844,1526,6800,3140,64],"class_list":["post-4348","post","type-post","status-publish","format-standard","has-post-thumbnail","hentry","category-sport","tag-daron-russell","tag-dusan-miletic","tag-iverson-molinar","tag-meciuri-internationale","tag-mitch-creek","tag-nationala-romania","tag-portugalia","tag-victorie"],"_links":{"self":[{"href":"https:\/\/www.newsrecorder.ro\/app\/wp-json\/wp\/v2\/posts\/4348","targetHints":{"allow":["GET"]}}],"collection":[{"href":"https:\/\/www.newsrecorder.ro\/app\/wp-json\/wp\/v2\/posts"}],"about":[{"href":"https:\/\/www.newsrecorder.ro\/app\/wp-json\/wp\/v2\/types\/post"}],"author":[{"embeddable":true,"href":"https:\/\/www.newsrecorder.ro\/app\/wp-json\/wp\/v2\/users\/6"}],"replies":[{"embeddable":true,"href":"https:\/\/www.newsrecorder.ro\/app\/wp-json\/wp\/v2\/comments?post=4348"}],"version-history":[{"count":0,"href":"https:\/\/www.newsrecorder.ro\/app\/wp-json\/wp\/v2\/posts\/4348\/revisions"}],"wp:featuredmedia":[{"embeddable":true,"href":"https:\/\/www.newsrecorder.ro\/app\/wp-json\/wp\/v2\/media\/4349"}],"wp:attachment":[{"href":"https:\/\/www.newsrecorder.ro\/app\/wp-json\/wp\/v2\/media?parent=4348"}],"wp:term":[{"taxonomy":"category","embeddable":true,"href":"https:\/\/www.newsrecorder.ro\/app\/wp-json\/wp\/v2\/categories?post=4348"},{"taxonomy":"post_tag","embeddable":true,"href":"https:\/\/www.newsrecorder.ro\/app\/wp-json\/wp\/v2\/tags?post=4348"}],"curies":[{"name":"wp","href":"https:\/\/api.w.org\/{rel}","templated":true}]}}