{"id":435,"date":"2026-01-23T19:49:53","date_gmt":"2026-01-23T19:49:53","guid":{"rendered":"https:\/\/www.newsrecorder.ro\/app\/2026\/01\/23\/ilie-bolojan-analiza-oportunitatilor-romanesti-de-la-davos-luni\/"},"modified":"2026-01-23T19:49:53","modified_gmt":"2026-01-23T19:49:53","slug":"ilie-bolojan-analiza-oportunitatilor-romanesti-de-la-davos-luni","status":"publish","type":"post","link":"https:\/\/www.newsrecorder.ro\/app\/2026\/01\/23\/ilie-bolojan-analiza-oportunitatilor-romanesti-de-la-davos-luni\/","title":{"rendered":"Ilie Bolojan: Analiza oportunit\u0103\u021bilor rom\u00e2ne\u0219ti de la Davos, luni!"},"content":{"rendered":"<p>Premierul Ilie Bolojan a discutat vineri seara, \u00een cadrul unei emisiuni la Digi24, despre participarea mini\u0219trilor rom\u00e2ni la Forumul Economic Mondial de la Davos. El a subliniat importan\u021ba acestei prezen\u021be, eviden\u021biind oportunit\u0103\u021bile informale generate de \u00eent\u00e2lnirile bilaterale.<\/p>\n<p>\u00centrebat dac\u0103 delega\u021bia rom\u00e2n\u0103 de la Davos a avut un mandat bine definit sau dac\u0103 s-au concentrat \u00een mod special pe atragerea de investitori, premierul a explicat c\u0103 evenimentul a reprezentat nu doar o platform\u0103 pentru prezent\u0103rile oficiale, ci \u0219i o ocazie excelent\u0103 pentru discu\u021bii informale care ar putea aduce beneficii Rom\u00e2niei.<\/p>\n<p>\u201eAceast\u0103 conferin\u021b\u0103 a fost, pe l\u00e2ng\u0103 prezent\u0103rile sus\u021binute de mini\u0219tri \u00een cadrul panelurilor, un prilej pentru \u00eent\u00e2lniri bilaterale \u0219i conversa\u021bii informale, care pot duce la formarea de contacte personale, preg\u0103tind astfel diferite agende publice. Cei trei mini\u0219tri care au reprezentat Rom\u00e2nia au avut parte de aceste \u00eent\u00e2lniri\u201d, a afirmat Bolojan.<\/p>\n<p>De asemenea, premierul a men\u021bionat c\u0103 Rom\u00e2nia nu a avut reprezentan\u021bi la Davos \u00een ultimul an, ceea ce face ca revenirea la acest forum s\u0103 fie un pas crucial \u00een reconectarea cu comunitatea economic\u0103 global\u0103. \u201eTrebuie s\u0103 ne amintim c\u0103, timp de mul\u021bi ani, nu am avut niciun ministru prezent la Davos, un forum perceput \u00een principal ca av\u00e2nd o component\u0103 financiar\u0103 global\u0103. Asta a fost realitatea\u201d, a declarat el.<\/p>\n<p>Bolojan a ad\u0103ugat c\u0103 mini\u0219trii au primit aprobarea sa pentru a participa la acest eveniment \u0219i a anun\u021bat c\u0103 luni va fi prima zi \u00een care se vor analiza contactele stabilite \u0219i proiectele poten\u021biale de interes pentru Rom\u00e2nia. \u201eMini\u0219trii s-au \u00eentors ast\u0103zi \u0219i am convenit s\u0103 discut\u0103m luni despre contactele pe care le-au stabilit, pentru a verifica dac\u0103 exist\u0103 aspecte care nu se refer\u0103 doar la \u00eent\u00e2lniri personale, ci \u0219i la proiecte relevante pentru Rom\u00e2nia\u201d, a explicat premierul.<\/p>\n","protected":false},"excerpt":{"rendered":"<p>Premierul Ilie Bolojan a discutat vineri seara, \u00een cadrul unei emisiuni la Digi24, despre participarea mini\u0219trilor rom\u00e2ni la Forumul Economic Mondial de la Davos. El a subliniat importan\u021ba acestei prezen\u021be, eviden\u021biind oportunit\u0103\u021bile informale generate de \u00eent\u00e2lnirile bilaterale. \u00centrebat dac\u0103 delega\u021bia rom\u00e2n\u0103 de la Davos a avut un mandat bine definit sau dac\u0103 s-au concentrat \u00een [&hellip;]<\/p>\n","protected":false},"author":2,"featured_media":436,"comment_status":"open","ping_status":"open","sticky":false,"template":"","format":"standard","meta":{"jnews-multi-image_gallery":[],"jnews_single_post":[],"jnews_primary_category":[],"jnews_override_counter":[],"footnotes":""},"categories":[42],"tags":[652,436,653,514,302,651,649,650],"class_list":["post-435","post","type-post","status-publish","format-standard","has-post-thumbnail","hentry","category-politica","tag-atragerea-investitorilor","tag-davos","tag-discutii-informale","tag-forum-economic-mondial","tag-ilie-bolojan","tag-intalniri-bilaterale","tag-ministri-romani","tag-oportunitati-informale"],"_links":{"self":[{"href":"https:\/\/www.newsrecorder.ro\/app\/wp-json\/wp\/v2\/posts\/435","targetHints":{"allow":["GET"]}}],"collection":[{"href":"https:\/\/www.newsrecorder.ro\/app\/wp-json\/wp\/v2\/posts"}],"about":[{"href":"https:\/\/www.newsrecorder.ro\/app\/wp-json\/wp\/v2\/types\/post"}],"author":[{"embeddable":true,"href":"https:\/\/www.newsrecorder.ro\/app\/wp-json\/wp\/v2\/users\/2"}],"replies":[{"embeddable":true,"href":"https:\/\/www.newsrecorder.ro\/app\/wp-json\/wp\/v2\/comments?post=435"}],"version-history":[{"count":0,"href":"https:\/\/www.newsrecorder.ro\/app\/wp-json\/wp\/v2\/posts\/435\/revisions"}],"wp:featuredmedia":[{"embeddable":true,"href":"https:\/\/www.newsrecorder.ro\/app\/wp-json\/wp\/v2\/media\/436"}],"wp:attachment":[{"href":"https:\/\/www.newsrecorder.ro\/app\/wp-json\/wp\/v2\/media?parent=435"}],"wp:term":[{"taxonomy":"category","embeddable":true,"href":"https:\/\/www.newsrecorder.ro\/app\/wp-json\/wp\/v2\/categories?post=435"},{"taxonomy":"post_tag","embeddable":true,"href":"https:\/\/www.newsrecorder.ro\/app\/wp-json\/wp\/v2\/tags?post=435"}],"curies":[{"name":"wp","href":"https:\/\/api.w.org\/{rel}","templated":true}]}}