{"id":4368,"date":"2026-02-21T17:38:45","date_gmt":"2026-02-21T17:38:45","guid":{"rendered":"https:\/\/www.newsrecorder.ro\/app\/2026\/02\/21\/ciprian-ciucu-psd-si-ppusl-domina-companiile-municipale\/"},"modified":"2026-02-21T17:38:45","modified_gmt":"2026-02-21T17:38:45","slug":"ciprian-ciucu-psd-si-ppusl-domina-companiile-municipale","status":"publish","type":"post","link":"https:\/\/www.newsrecorder.ro\/app\/2026\/02\/21\/ciprian-ciucu-psd-si-ppusl-domina-companiile-municipale\/","title":{"rendered":"Ciprian Ciucu: \u201ePSD \u0219i PPUSL domin\u0103 companiile municipale!\u201d"},"content":{"rendered":"<p>Recent, primarul Ciucu a anun\u021bat cu triste\u021be dispari\u021bia lui Cezar Cobi\u0219eanu, consilier general din partea REPER, subliniind impactul pe care acest eveniment \u00eel are asupra voturilor din Consiliul General. \u201eAm pierdut un om foarte, foarte fain, Dumnezeu s\u0103-l ierte. Urmeaz\u0103 s\u0103 fie validat\u0103 o nou\u0103 consilier\u0103 din partea REPER, dar majoritatea noastr\u0103 este acum fragil\u0103. Dac\u0103 cineva nu poate s\u0103 vin\u0103, majoritatea va fi afectat\u0103\u201d, a declarat primarul \u00een cadrul unei emisiuni la Digi24.<\/p>\n<p>Primarul a adus \u00een discu\u021bie propunerile sale de reform\u0103 din decembrie, considerate de el drept m\u0103suri de bun-sim\u021b, cum ar fi desfiin\u021barea institu\u021biilor municipale cu mai pu\u021bin de 50 de angaja\u021bi. Aceste institu\u021bii, spunea el, consumau resurse financiare semnificative, dar nu aduceau rezultate concrete. Din p\u0103cate, PSD \u0219i PPUSL nu au sus\u021binut aceste ini\u021biative, iar astfel proiectele au fost blocate.<\/p>\n<p>\u201eR\u0103spunsul PSD a fost extrem de agresiv, chiar m-a uimit. Proiectele pe care le-am propus au \u00eenceput s\u0103 pice, de\u0219i nu adusesem reforme radicale, ci doar m\u0103suri rezonabile. De exemplu, aveam obliga\u021bia de a \u00eenchide institu\u021biile cu mai pu\u021bin de 50 de angaja\u021bi. Existau institu\u021bii cu doar 1, 3 sau 5 angaja\u021bi care nu \u00eendeplineau nicio func\u021bie util\u0103, consum\u00e2nd aproximativ 7 milioane de lei anual doar pe chirii \u0219i salarii\u201d, a explicat Ciucu, eviden\u021biind necesitatea acestor reforme.<\/p>\n<p>Primarul a ad\u0103ugat c\u0103 a fost surprins de opozi\u021bia PSD \u0219i a realizat c\u0103 nu poate conta pe o majoritate solid\u0103 cu acest partid \u0219i cu PPUSL, mai ales av\u00e2nd \u00een vedere c\u0103 acestea controleaz\u0103 companii municipale. \u201ePSD \u0219i PPUSL, care este partidul lui Piedone jr., de\u021bin controlul asupra companiilor municipale. Numai ei fac parte din AGA \u0219i \u00ee\u0219i numesc consiliile de administra\u021bie\u201d, a subliniat Ciucu.<\/p>\n<p>\u00cen concluzie, primarul a subliniat importan\u021ba negocierilor cu partidele din Consiliul General pentru stabilitatea administra\u021biei, men\u021bion\u00e2nd c\u0103 fiecare vot devine esen\u021bial \u00een contextul actual.<\/p>\n<p>&nbsp;<\/p>\n<p>Sursa video: Digi24<\/p>\n<p>&nbsp;<\/p>\n","protected":false},"excerpt":{"rendered":"<p>Recent, primarul Ciucu a anun\u021bat cu triste\u021be dispari\u021bia lui Cezar Cobi\u0219eanu, consilier general din partea REPER, subliniind impactul pe care acest eveniment \u00eel are asupra voturilor din Consiliul General. \u201eAm pierdut un om foarte, foarte fain, Dumnezeu s\u0103-l ierte. Urmeaz\u0103 s\u0103 fie validat\u0103 o nou\u0103 consilier\u0103 din partea REPER, dar majoritatea noastr\u0103 este acum fragil\u0103. [&hellip;]<\/p>\n","protected":false},"author":2,"featured_media":4369,"comment_status":"open","ping_status":"open","sticky":false,"template":"","format":"standard","meta":{"jnews-multi-image_gallery":[],"jnews_single_post":[],"jnews_primary_category":[],"jnews_override_counter":[],"footnotes":""},"categories":[42],"tags":[6825,6824,1059,6827,6828,300,2039,6826],"class_list":["post-4368","post","type-post","status-publish","format-standard","has-post-thumbnail","hentry","category-politica","tag-cezar-cobiseanu","tag-ciucu","tag-consiliul-general","tag-institutii-municipale","tag-ppusl","tag-psd","tag-reforma","tag-reper"],"_links":{"self":[{"href":"https:\/\/www.newsrecorder.ro\/app\/wp-json\/wp\/v2\/posts\/4368","targetHints":{"allow":["GET"]}}],"collection":[{"href":"https:\/\/www.newsrecorder.ro\/app\/wp-json\/wp\/v2\/posts"}],"about":[{"href":"https:\/\/www.newsrecorder.ro\/app\/wp-json\/wp\/v2\/types\/post"}],"author":[{"embeddable":true,"href":"https:\/\/www.newsrecorder.ro\/app\/wp-json\/wp\/v2\/users\/2"}],"replies":[{"embeddable":true,"href":"https:\/\/www.newsrecorder.ro\/app\/wp-json\/wp\/v2\/comments?post=4368"}],"version-history":[{"count":0,"href":"https:\/\/www.newsrecorder.ro\/app\/wp-json\/wp\/v2\/posts\/4368\/revisions"}],"wp:featuredmedia":[{"embeddable":true,"href":"https:\/\/www.newsrecorder.ro\/app\/wp-json\/wp\/v2\/media\/4369"}],"wp:attachment":[{"href":"https:\/\/www.newsrecorder.ro\/app\/wp-json\/wp\/v2\/media?parent=4368"}],"wp:term":[{"taxonomy":"category","embeddable":true,"href":"https:\/\/www.newsrecorder.ro\/app\/wp-json\/wp\/v2\/categories?post=4368"},{"taxonomy":"post_tag","embeddable":true,"href":"https:\/\/www.newsrecorder.ro\/app\/wp-json\/wp\/v2\/tags?post=4368"}],"curies":[{"name":"wp","href":"https:\/\/api.w.org\/{rel}","templated":true}]}}