{"id":437,"date":"2026-01-23T19:50:06","date_gmt":"2026-01-23T19:50:06","guid":{"rendered":"https:\/\/www.newsrecorder.ro\/app\/2026\/01\/23\/bolojan-dezvaluie-pozitia-romaniei-fata-de-groenlanda\/"},"modified":"2026-01-23T19:50:06","modified_gmt":"2026-01-23T19:50:06","slug":"bolojan-dezvaluie-pozitia-romaniei-fata-de-groenlanda","status":"publish","type":"post","link":"https:\/\/www.newsrecorder.ro\/app\/2026\/01\/23\/bolojan-dezvaluie-pozitia-romaniei-fata-de-groenlanda\/","title":{"rendered":"Bolojan dezv\u0103luie pozi\u021bia Rom\u00e2niei fa\u021b\u0103 de Groenlanda!"},"content":{"rendered":"<p>\u00centrebat despre rolul pe care Rom\u00e2nia ar trebui s\u0103-l joace \u00een contextul situa\u021biei din Groenlanda, Ilie Bolojan a declarat, vineri, la Digi 24, c\u0103 op\u021biunile de a trimite solda\u021bi rom\u00e2ni \u00een aceast\u0103 regiune sunt complet excluse.<\/p>\n<p>\u201eReferitor la situa\u021bia din Groenlanda, este \u00eembucur\u0103tor c\u0103 dup\u0103 Summitul de la Davos, tensiunile s-au mai calmate \u0219i au \u00eenceput discu\u021bii menite s\u0103 abordeze at\u00e2t aspectele legate de independen\u021ba acestui teritoriu, c\u00e2t \u0219i modalit\u0103\u021bile prin care Statele Unite pot s\u0103-\u0219i \u00eent\u0103reasc\u0103 prezen\u021ba militar\u0103 \u00een zon\u0103. Totu\u0219i, cred cu t\u0103rie, dincolo de func\u021bia pe care o ocup, c\u0103 Rom\u00e2nia trebuie s\u0103 sprijine, la nivel interna\u021bional, politici care respect\u0103 reglement\u0103rile interna\u021bionale\u201d, a subliniat Bolojan.<\/p>\n<p>De asemenea, Ilie Bolojan a subliniat importan\u021ba con\u0219tientiz\u0103rii pozi\u021biei geografice a Rom\u00e2niei \u0219i a evenimentelor istorice relevante din regiune. El a afirmat c\u0103 Rom\u00e2nia nu poate fi altceva dec\u00e2t \u201eun sus\u021bin\u0103tor al grani\u021belor \u0219i al normelor interna\u021bionale, deoarece aceasta reprezint\u0103 calea cea mai sigur\u0103 pentru \u021bara noastr\u0103\u201d.<\/p>\n","protected":false},"excerpt":{"rendered":"<p>\u00centrebat despre rolul pe care Rom\u00e2nia ar trebui s\u0103-l joace \u00een contextul situa\u021biei din Groenlanda, Ilie Bolojan a declarat, vineri, la Digi 24, c\u0103 op\u021biunile de a trimite solda\u021bi rom\u00e2ni \u00een aceast\u0103 regiune sunt complet excluse. \u201eReferitor la situa\u021bia din Groenlanda, este \u00eembucur\u0103tor c\u0103 dup\u0103 Summitul de la Davos, tensiunile s-au mai calmate \u0219i au [&hellip;]<\/p>\n","protected":false},"author":2,"featured_media":438,"comment_status":"open","ping_status":"open","sticky":false,"template":"","format":"standard","meta":{"jnews-multi-image_gallery":[],"jnews_single_post":[],"jnews_primary_category":[],"jnews_override_counter":[],"footnotes":""},"categories":[42],"tags":[293,302,655,656,658,654,149,657],"class_list":["post-437","post","type-post","status-publish","format-standard","has-post-thumbnail","hentry","category-politica","tag-groenlanda","tag-ilie-bolojan","tag-independenta","tag-politici-internationale","tag-pozitie-geografica","tag-prezenta-militara","tag-romania","tag-summit-davos"],"_links":{"self":[{"href":"https:\/\/www.newsrecorder.ro\/app\/wp-json\/wp\/v2\/posts\/437","targetHints":{"allow":["GET"]}}],"collection":[{"href":"https:\/\/www.newsrecorder.ro\/app\/wp-json\/wp\/v2\/posts"}],"about":[{"href":"https:\/\/www.newsrecorder.ro\/app\/wp-json\/wp\/v2\/types\/post"}],"author":[{"embeddable":true,"href":"https:\/\/www.newsrecorder.ro\/app\/wp-json\/wp\/v2\/users\/2"}],"replies":[{"embeddable":true,"href":"https:\/\/www.newsrecorder.ro\/app\/wp-json\/wp\/v2\/comments?post=437"}],"version-history":[{"count":0,"href":"https:\/\/www.newsrecorder.ro\/app\/wp-json\/wp\/v2\/posts\/437\/revisions"}],"wp:featuredmedia":[{"embeddable":true,"href":"https:\/\/www.newsrecorder.ro\/app\/wp-json\/wp\/v2\/media\/438"}],"wp:attachment":[{"href":"https:\/\/www.newsrecorder.ro\/app\/wp-json\/wp\/v2\/media?parent=437"}],"wp:term":[{"taxonomy":"category","embeddable":true,"href":"https:\/\/www.newsrecorder.ro\/app\/wp-json\/wp\/v2\/categories?post=437"},{"taxonomy":"post_tag","embeddable":true,"href":"https:\/\/www.newsrecorder.ro\/app\/wp-json\/wp\/v2\/tags?post=437"}],"curies":[{"name":"wp","href":"https:\/\/api.w.org\/{rel}","templated":true}]}}