{"id":4370,"date":"2026-02-21T17:38:59","date_gmt":"2026-02-21T17:38:59","guid":{"rendered":"https:\/\/www.newsrecorder.ro\/app\/2026\/02\/21\/ciprian-ciucu-primaria-capitalei-un-monstru-birocratic-fabulos\/"},"modified":"2026-02-21T17:38:59","modified_gmt":"2026-02-21T17:38:59","slug":"ciprian-ciucu-primaria-capitalei-un-monstru-birocratic-fabulos","status":"publish","type":"post","link":"https:\/\/www.newsrecorder.ro\/app\/2026\/02\/21\/ciprian-ciucu-primaria-capitalei-un-monstru-birocratic-fabulos\/","title":{"rendered":"Ciprian Ciucu: Prim\u0103ria Capitalei, un monstru birocratic fabulos!"},"content":{"rendered":"<p>\u00centr-un interviu acordat duminic\u0103 la Digi24, primarul general al Capitalei, Ciprian Ciucu, a discutat despre provoc\u0103rile \u00eent\u00e2mpinate \u00een primele dou\u0103 luni de mandat.<\/p>\n<p>\u201e\u00cen aceste dou\u0103 luni, am reu\u0219it s\u0103 analizez doar aproximativ 20% din domeniile \u0219i institu\u021biile subordonate Prim\u0103riei. Nu din lips\u0103 de timp, ci din complexitatea sistemului. Am dedicat ore \u00eentregi, inclusiv \u00een serile \u0219i weekendurile mele, pentru a \u00een\u021belege structura acestui &#8216;monstru administrativ&#8217;. P\u00e2n\u0103 acum, am avut ocazia s\u0103 m\u0103 \u00eent\u00e2lnesc cu jum\u0103tate din directorii Prim\u0103riei Municipiului Bucure\u0219ti \u0219i cu 20-30% din conduc\u0103torii institu\u021biilor subordonate,\u201d a declarat Ciucu, subliniind amploarea sarcinilor sale.<\/p>\n<p>Primarul a eviden\u021biat necesitatea unei reforme administrative la nivelul Bucure\u0219tiului, exprim\u00e2ndu-\u0219i hot\u0103r\u00e2rea de a implementa aceste schimb\u0103ri. \u201eAr fi fost mult mai u\u0219or dac\u0103 a\u0219 fi avut o majoritate care s\u0103 m\u0103 sus\u021bin\u0103 sau, m\u0103car, care s\u0103 nu blocheze ini\u021biativele necesare,\u201d a ad\u0103ugat el.<\/p>\n<p>Ciprian Ciucu a men\u021bionat c\u0103 Prim\u0103ria Municipiului Bucure\u0219ti are \u00een componen\u021b\u0103 25 de direc\u021bii generale, numeroase administra\u021bii, centre culturale, teatre, spitale \u0219i asocia\u021bii de dezvoltare intercomunitare, al\u0103turi de c\u00e2teva companii municipale. \u201eBirocra\u021bia \u0219i h\u0103\u021bi\u0219ul administrativ sunt fabuloase. Exist\u0103 institu\u021bii care, dac\u0103 s-ar desfiin\u021ba peste noapte, nimeni nu ar observa absen\u021ba lor,\u201d a afirmat el.<\/p>\n<p>\u00cen ceea ce prive\u0219te situa\u021bia financiar\u0103, primarul a subliniat c\u0103 Bucure\u0219tiul se confrunt\u0103 cu un deficit bugetar semnificativ, av\u00e2nd \u00een vedere c\u0103, \u00een ultimii ani, capitala a pierdut aproape 4 miliarde de lei din cauza m\u0103surilor adoptate de guvernul Ciolacu. \u201eBucure\u0219tiul genereaz\u0103 cei mai mul\u021bi bani pentru Rom\u00e2nia, dar se confrunt\u0103 cu o lips\u0103 acut\u0103 de finan\u021bare,\u201d a declarat Ciucu.<\/p>\n<p>\u201eE\u0219ti dependent de deciziile coali\u021biei de guvernare. Legea bugetului se voteaz\u0103 \u00een Parlament, iar ca primar, principalul lucru pe care \u00eel po\u021bi face este s\u0103 propui Consiliului General s\u0103 reduc\u0103 anumite cheltuieli. De asemenea, trebuie s\u0103 identifici zonele \u0219i activele pe care le po\u021bi fructifica,\u201d a \u00eencheiat primarul general.<\/p>\n<p>&nbsp;<\/p>\n<p>Sursa video: Digi24<\/p>\n","protected":false},"excerpt":{"rendered":"<p>\u00centr-un interviu acordat duminic\u0103 la Digi24, primarul general al Capitalei, Ciprian Ciucu, a discutat despre provoc\u0103rile \u00eent\u00e2mpinate \u00een primele dou\u0103 luni de mandat. \u201e\u00cen aceste dou\u0103 luni, am reu\u0219it s\u0103 analizez doar aproximativ 20% din domeniile \u0219i institu\u021biile subordonate Prim\u0103riei. Nu din lips\u0103 de timp, ci din complexitatea sistemului. Am dedicat ore \u00eentregi, inclusiv \u00een [&hellip;]<\/p>\n","protected":false},"author":2,"featured_media":4371,"comment_status":"open","ping_status":"open","sticky":false,"template":"","format":"standard","meta":{"jnews-multi-image_gallery":[],"jnews_single_post":[],"jnews_primary_category":[],"jnews_override_counter":[],"footnotes":""},"categories":[42],"tags":[1044,6832,6831,6830,6833,1054,6829,1991],"class_list":["post-4370","post","type-post","status-publish","format-standard","has-post-thumbnail","hentry","category-politica","tag-ciprian-ciucu","tag-complexitate-sistem","tag-directorii-primariei","tag-institutii-subordonate","tag-majoritate-politica","tag-primaria-bucuresti","tag-provocari-mandat","tag-reforma-administrativa"],"_links":{"self":[{"href":"https:\/\/www.newsrecorder.ro\/app\/wp-json\/wp\/v2\/posts\/4370","targetHints":{"allow":["GET"]}}],"collection":[{"href":"https:\/\/www.newsrecorder.ro\/app\/wp-json\/wp\/v2\/posts"}],"about":[{"href":"https:\/\/www.newsrecorder.ro\/app\/wp-json\/wp\/v2\/types\/post"}],"author":[{"embeddable":true,"href":"https:\/\/www.newsrecorder.ro\/app\/wp-json\/wp\/v2\/users\/2"}],"replies":[{"embeddable":true,"href":"https:\/\/www.newsrecorder.ro\/app\/wp-json\/wp\/v2\/comments?post=4370"}],"version-history":[{"count":0,"href":"https:\/\/www.newsrecorder.ro\/app\/wp-json\/wp\/v2\/posts\/4370\/revisions"}],"wp:featuredmedia":[{"embeddable":true,"href":"https:\/\/www.newsrecorder.ro\/app\/wp-json\/wp\/v2\/media\/4371"}],"wp:attachment":[{"href":"https:\/\/www.newsrecorder.ro\/app\/wp-json\/wp\/v2\/media?parent=4370"}],"wp:term":[{"taxonomy":"category","embeddable":true,"href":"https:\/\/www.newsrecorder.ro\/app\/wp-json\/wp\/v2\/categories?post=4370"},{"taxonomy":"post_tag","embeddable":true,"href":"https:\/\/www.newsrecorder.ro\/app\/wp-json\/wp\/v2\/tags?post=4370"}],"curies":[{"name":"wp","href":"https:\/\/api.w.org\/{rel}","templated":true}]}}