{"id":4372,"date":"2026-02-21T17:39:13","date_gmt":"2026-02-21T17:39:13","guid":{"rendered":"https:\/\/www.newsrecorder.ro\/app\/2026\/02\/21\/kelemen-hunor-romania-la-limita-saraciei-prapastia-dintre-clase-se-adanceste\/"},"modified":"2026-02-21T17:39:13","modified_gmt":"2026-02-21T17:39:13","slug":"kelemen-hunor-romania-la-limita-saraciei-prapastia-dintre-clase-se-adanceste","status":"publish","type":"post","link":"https:\/\/www.newsrecorder.ro\/app\/2026\/02\/21\/kelemen-hunor-romania-la-limita-saraciei-prapastia-dintre-clase-se-adanceste\/","title":{"rendered":"Kelemen Hunor: Rom\u00e2nia, la limita s\u0103r\u0103ciei \u2013 pr\u0103pastia dintre clase se ad\u00e2nce\u0219te!"},"content":{"rendered":"<p>Recent, un politician important a abordat problemele generate de deciziile guvernamentale, subliniind impactul negativ al infla\u021biei \u0219i al contextului economic european asupra nivelului de trai al rom\u00e2nilor. El a eviden\u021biat cum aceste efecte devin tot mai resim\u021bite de c\u0103tre cet\u0103\u021beni.<\/p>\n<p>Kelemen Hunor, liderul UDMR, a subliniat c\u0103 a avertizat \u00eenc\u0103 din anul trecut cu privire la riscul deschiderii simultane a prea multor conflicte politice \u0219i reforme, f\u0103r\u0103 a exista capacitatea necesar\u0103 de gestionare a acestora. \u201eAm spus \u0219i anul trecut, imediat dup\u0103 formarea coali\u021biei, s\u0103 nu deschidem mai multe fronturi dec\u00e2t putem gestiona. Este esen\u021bial s\u0103 \u00eenchidem din c\u00e2nd \u00een c\u00e2nd anumite subiecte. Aceasta este o logic\u0103 elementar\u0103, nu doar \u00een politic\u0103, dar \u00een toate domeniile, iar \u00een politic\u0103 este cu at\u00e2t mai important, deoarece interac\u021bionezi cu \u00eentreaga societate. C\u00e2nd deschizi prea multe fronturi, ajungi \u00een situa\u021bia \u00een care nu mai ai sus\u021binere,\u201d a afirmat acesta.<\/p>\n<p>Liderul UDMR a recunoscut c\u0103 Guvernul are inten\u021bia de a aborda rapid problemele legate de buget \u0219i finan\u021be, \u00eens\u0103 a subliniat c\u0103 ritmul reformelor ar putea dep\u0103\u0219i capacitatea societ\u0103\u021bii de a le suporta. \u201eExist\u0103 riscul de a dep\u0103\u0219i suportabilitatea societ\u0103\u021bii, ceea ce ar putea duce la pierderi semnificative,\u201d a avertizat el.<\/p>\n<p>\u00cen ceea ce prive\u0219te situa\u021bia social\u0103 din Rom\u00e2nia, Kelemen Hunor a descris-o ca fiind critic\u0103, cu diferen\u021be sociale care se ad\u00e2ncesc. \u201eSuntem la limit\u0103. \u00cen anumite zone sociale, nu doar geografice, exist\u0103 o pr\u0103pastie mare \u00eentre clasa medie \u0219i persoanele s\u0103race,\u201d a declarat el.<\/p>\n<p>Potrivit analizei lui Hunor, datele economice indic\u0103 o sc\u0103dere semnificativ\u0103 a speran\u021bei de trai pentru o propor\u021bie important\u0103 a popula\u021biei, \u00een special pentru segmentul inferior al clasei medii. \u201eDin statistici, se observ\u0103 c\u0103, \u00een 2026, clasa medie inferioar\u0103 a pierdut mult din optimismul de a tr\u0103i mai bine. Oamenii nu mai dispun de resurse pentru economisire \u0219i nici pentru consumul la care erau obi\u0219nui\u021bi,\u201d a concluzionat el.<\/p>\n","protected":false},"excerpt":{"rendered":"<p>Recent, un politician important a abordat problemele generate de deciziile guvernamentale, subliniind impactul negativ al infla\u021biei \u0219i al contextului economic european asupra nivelului de trai al rom\u00e2nilor. El a eviden\u021biat cum aceste efecte devin tot mai resim\u021bite de c\u0103tre cet\u0103\u021beni. Kelemen Hunor, liderul UDMR, a subliniat c\u0103 a avertizat \u00eenc\u0103 din anul trecut cu privire [&hellip;]<\/p>\n","protected":false},"author":2,"featured_media":4373,"comment_status":"open","ping_status":"open","sticky":false,"template":"","format":"standard","meta":{"jnews-multi-image_gallery":[],"jnews_single_post":[],"jnews_primary_category":[],"jnews_override_counter":[],"footnotes":""},"categories":[42],"tags":[636,4288,778,378,2155,260,6834,379],"class_list":["post-4372","post","type-post","status-publish","format-standard","has-post-thumbnail","hentry","category-politica","tag-coalitie","tag-conflicte-politice","tag-inflatie","tag-kelemen-hunor","tag-nivel-de-trai","tag-politician","tag-probleme-economice","tag-udmr"],"_links":{"self":[{"href":"https:\/\/www.newsrecorder.ro\/app\/wp-json\/wp\/v2\/posts\/4372","targetHints":{"allow":["GET"]}}],"collection":[{"href":"https:\/\/www.newsrecorder.ro\/app\/wp-json\/wp\/v2\/posts"}],"about":[{"href":"https:\/\/www.newsrecorder.ro\/app\/wp-json\/wp\/v2\/types\/post"}],"author":[{"embeddable":true,"href":"https:\/\/www.newsrecorder.ro\/app\/wp-json\/wp\/v2\/users\/2"}],"replies":[{"embeddable":true,"href":"https:\/\/www.newsrecorder.ro\/app\/wp-json\/wp\/v2\/comments?post=4372"}],"version-history":[{"count":0,"href":"https:\/\/www.newsrecorder.ro\/app\/wp-json\/wp\/v2\/posts\/4372\/revisions"}],"wp:featuredmedia":[{"embeddable":true,"href":"https:\/\/www.newsrecorder.ro\/app\/wp-json\/wp\/v2\/media\/4373"}],"wp:attachment":[{"href":"https:\/\/www.newsrecorder.ro\/app\/wp-json\/wp\/v2\/media?parent=4372"}],"wp:term":[{"taxonomy":"category","embeddable":true,"href":"https:\/\/www.newsrecorder.ro\/app\/wp-json\/wp\/v2\/categories?post=4372"},{"taxonomy":"post_tag","embeddable":true,"href":"https:\/\/www.newsrecorder.ro\/app\/wp-json\/wp\/v2\/tags?post=4372"}],"curies":[{"name":"wp","href":"https:\/\/api.w.org\/{rel}","templated":true}]}}