{"id":4376,"date":"2026-02-21T17:39:53","date_gmt":"2026-02-21T17:39:53","guid":{"rendered":"https:\/\/www.newsrecorder.ro\/app\/2026\/02\/21\/trump-impune-tarife-globale-de-15-dupa-infrangerea-de-la-ccr\/"},"modified":"2026-02-21T17:39:53","modified_gmt":"2026-02-21T17:39:53","slug":"trump-impune-tarife-globale-de-15-dupa-infrangerea-de-la-ccr","status":"publish","type":"post","link":"https:\/\/www.newsrecorder.ro\/app\/2026\/02\/21\/trump-impune-tarife-globale-de-15-dupa-infrangerea-de-la-ccr\/","title":{"rendered":"Trump impune tarife globale de 15% dup\u0103 \u00eenfr\u00e2ngerea de la \u201eCCR\u201d"},"content":{"rendered":"<p><a href=\"https:\/\/www.mediafax.ro\/economic\/ce-inseamna-marea-infrangere-a-lui-trump-la-ccr-ul-american-23690527\">\u00cen urma unei decizii drastice pronun\u021bate vineri de c\u0103tre cea mai \u00eenalt\u0103 instan\u021b\u0103 din Statele Unite<\/a>, Donald Trump a semnat o proclama\u021bie care impune temporar o tax\u0103 de 10% asupra importurilor. Aceast\u0103 m\u0103sur\u0103 se bazeaz\u0103 pe sec\u021biunea 122 din Legea Comer\u021bului din 1974, care \u00eei permite pre\u0219edintelui s\u0103 impun\u0103 restric\u021bii comerciale pentru o durat\u0103 de p\u00e2n\u0103 la 150 de zile, conform informa\u021biilor prezentate de <a href=\"https:\/\/www.ft.com\/content\/8b1e0364-092e-4b8c-8391-23b59840e74d?accessToken=zwAGS1kD4rp4kdOLHgNkCS5LjNODkSO1mEDnTQ.MEYCIQD_EQ-L0sPnqYU1afAT5MRIcSUpXyBp55pHwIPBFH19LwIhAMyyQKlemGMaeV1hoh_LhH-6543gT3JhYEU75gS20HaI&amp;sharetype=gift&amp;token=6366dd1e-bd45-4c8e-ac98-ebaf312cb874\" target=\"_blank\" rel=\"noopener\">Financial Times<\/a>.<\/p>\n<p>Aceast\u0103 ini\u021biativ\u0103 reprezint\u0103 una dintre alternativele pe care Trump le-a promis de la pronun\u021barea Cur\u021bii Supreme, care a decis c\u0103 pre\u0219edintele a dep\u0103\u0219it limitele legale atunci c\u00e2nd a aplicat tarife pe baza Legii privind Puterile Economice \u00een Situa\u021bii de Urgen\u021b\u0103 Interna\u021bional\u0103, afect\u00e2nd un num\u0103r semnificativ de \u021b\u0103ri.<\/p>\n<p>S\u00e2mb\u0103t\u0103, <strong>Trump a anun\u021bat pe re\u021belele sociale c\u0103, av\u00e2nd \u00een vedere analiza deciziei instan\u021bei, \u201e\u00eencep\u00e2nd imediat, voi majora tariful global de 10% aplicat \u021b\u0103rilor, multe dintre ele profit\u00e2nd de Statele Unite timp de decenii, f\u0103r\u0103 consecin\u021be (p\u00e2n\u0103 am ap\u0103rut eu!), la nivelul maxim permis \u0219i testat legal, de 15%\u201d.<\/strong><\/p>\n<p>\u201e\u00cen lunile urm\u0103toare, administra\u021bia Trump va stabili \u0219i va anun\u021ba noile tarife care sunt permise din punct de vedere legal\u201d, a ad\u0103ugat el, subliniind angajamentul s\u0103u de a proteja interesele comerciale ale Statelor Unite.<\/p>\n","protected":false},"excerpt":{"rendered":"<p>\u00cen urma unei decizii drastice pronun\u021bate vineri de c\u0103tre cea mai \u00eenalt\u0103 instan\u021b\u0103 din Statele Unite, Donald Trump a semnat o proclama\u021bie care impune temporar o tax\u0103 de 10% asupra importurilor. Aceast\u0103 m\u0103sur\u0103 se bazeaz\u0103 pe sec\u021biunea 122 din Legea Comer\u021bului din 1974, care \u00eei permite pre\u0219edintelui s\u0103 impun\u0103 restric\u021bii comerciale pentru o durat\u0103 de [&hellip;]<\/p>\n","protected":false},"author":2,"featured_media":4377,"comment_status":"open","ping_status":"open","sticky":false,"template":"","format":"standard","meta":{"jnews-multi-image_gallery":[],"jnews_single_post":[],"jnews_primary_category":[],"jnews_override_counter":[],"footnotes":""},"categories":[41],"tags":[6573,31,468,6840,6839,1955,708,2654],"class_list":["post-4376","post","type-post","status-publish","format-standard","has-post-thumbnail","hentry","category-externe","tag-curtea-suprema","tag-jnews_demo_donald-trump","tag-importuri","tag-legea-comertului","tag-restrictii-comerciale","tag-retele-sociale","tag-tarife","tag-taxa"],"_links":{"self":[{"href":"https:\/\/www.newsrecorder.ro\/app\/wp-json\/wp\/v2\/posts\/4376","targetHints":{"allow":["GET"]}}],"collection":[{"href":"https:\/\/www.newsrecorder.ro\/app\/wp-json\/wp\/v2\/posts"}],"about":[{"href":"https:\/\/www.newsrecorder.ro\/app\/wp-json\/wp\/v2\/types\/post"}],"author":[{"embeddable":true,"href":"https:\/\/www.newsrecorder.ro\/app\/wp-json\/wp\/v2\/users\/2"}],"replies":[{"embeddable":true,"href":"https:\/\/www.newsrecorder.ro\/app\/wp-json\/wp\/v2\/comments?post=4376"}],"version-history":[{"count":0,"href":"https:\/\/www.newsrecorder.ro\/app\/wp-json\/wp\/v2\/posts\/4376\/revisions"}],"wp:featuredmedia":[{"embeddable":true,"href":"https:\/\/www.newsrecorder.ro\/app\/wp-json\/wp\/v2\/media\/4377"}],"wp:attachment":[{"href":"https:\/\/www.newsrecorder.ro\/app\/wp-json\/wp\/v2\/media?parent=4376"}],"wp:term":[{"taxonomy":"category","embeddable":true,"href":"https:\/\/www.newsrecorder.ro\/app\/wp-json\/wp\/v2\/categories?post=4376"},{"taxonomy":"post_tag","embeddable":true,"href":"https:\/\/www.newsrecorder.ro\/app\/wp-json\/wp\/v2\/tags?post=4376"}],"curies":[{"name":"wp","href":"https:\/\/api.w.org\/{rel}","templated":true}]}}