{"id":4382,"date":"2026-02-21T17:40:35","date_gmt":"2026-02-21T17:40:35","guid":{"rendered":"https:\/\/www.newsrecorder.ro\/app\/2026\/02\/21\/merz-propune-reglementari-stricte-pentru-siguranta-copiilor-pe-retele-sociale\/"},"modified":"2026-02-21T17:40:35","modified_gmt":"2026-02-21T17:40:35","slug":"merz-propune-reglementari-stricte-pentru-siguranta-copiilor-pe-retele-sociale","status":"publish","type":"post","link":"https:\/\/www.newsrecorder.ro\/app\/2026\/02\/21\/merz-propune-reglementari-stricte-pentru-siguranta-copiilor-pe-retele-sociale\/","title":{"rendered":"Merz propune reglement\u0103ri stricte pentru siguran\u021ba copiilor pe re\u021bele sociale!"},"content":{"rendered":"<p>\u00cen cadrul congresului partidului desf\u0103\u0219urat s\u00e2mb\u0103t\u0103, cancelarul Merz a propus stabilirea unei limite legale de v\u00e2rst\u0103 de 14 ani pentru utilizarea re\u021belelor sociale. De asemenea, el a subliniat necesitatea introducerii unor metode suplimentare de siguran\u021b\u0103 destinate adolescen\u021bilor cu v\u00e2rste de p\u00e2n\u0103 la 16 ani, conform unui raport publicat de <a style=\"color: #0000ff\" href=\"https:\/\/www.reuters.com\/business\/media-telecom\/germanys-ruling-party-backs-social-media-curbs-children-2026-02-21\/\">Reuters<\/a>.<\/p>\n<p>Partidul CDU militeaz\u0103, de asemenea, pentru impunerea de sanc\u021biuni platformelor care nu respect\u0103 aceste restric\u021bii \u0219i pentru armonizarea standardelor de v\u00e2rst\u0103 la nivelul Uniunii Europene. Mo\u021biunea adoptat\u0103 \u00een cadrul congresului afirm\u0103: \u201eFacem apel la guvernul federal s\u0103 stabileasc\u0103 o limit\u0103 legal\u0103 de v\u00e2rst\u0103 de 14 ani pentru utilizarea re\u021belelor sociale \u0219i s\u0103 abordeze nevoia special\u0103 de protec\u021bie \u00een mediul digital p\u00e2n\u0103 la v\u00e2rsta de 16 ani.\u201d<\/p>\n<p>Prin aceast\u0103 ini\u021biativ\u0103, Germania se al\u0103tur\u0103 unui num\u0103r tot mai mare de \u021b\u0103ri europene, inclusiv Spania, Grecia, Fran\u021ba \u0219i Marea Britanie, care analizeaz\u0103 sau dezvolt\u0103 m\u0103suri similare de restric\u021bionare a accesului minorilor la re\u021belele sociale.<\/p>\n<p>\u00cen 2025, Australia a devenit prima \u021bar\u0103 din lume care a implementat restric\u021bii pentru accesul minorilor la aceste platforme de socializare. Este important de men\u021bionat c\u0103 ini\u021biativa lui Merz beneficiaz\u0103 de sus\u021binerea Partidului Social Democrat, coali\u021bionar al CDU.<\/p>\n<p>Cu toate acestea, punerea \u00een aplicare a acestor m\u0103suri se dovede\u0219te a fi complex\u0103 din cauza sistemului federal german, care atribuie reglementarea mass-media \u0219i a mediului digital autorit\u0103\u021bilor regionale.<\/p>\n","protected":false},"excerpt":{"rendered":"<p>\u00cen cadrul congresului partidului desf\u0103\u0219urat s\u00e2mb\u0103t\u0103, cancelarul Merz a propus stabilirea unei limite legale de v\u00e2rst\u0103 de 14 ani pentru utilizarea re\u021belelor sociale. De asemenea, el a subliniat necesitatea introducerii unor metode suplimentare de siguran\u021b\u0103 destinate adolescen\u021bilor cu v\u00e2rste de p\u00e2n\u0103 la 16 ani, conform unui raport publicat de Reuters. Partidul CDU militeaz\u0103, de asemenea, [&hellip;]<\/p>\n","protected":false},"author":2,"featured_media":4383,"comment_status":"open","ping_status":"open","sticky":false,"template":"","format":"standard","meta":{"jnews-multi-image_gallery":[],"jnews_single_post":[],"jnews_primary_category":[],"jnews_override_counter":[],"footnotes":""},"categories":[41],"tags":[832,6582,6846,6848,1955,86,6847,321],"class_list":["post-4382","post","type-post","status-publish","format-standard","has-post-thumbnail","hentry","category-externe","tag-adolescenti","tag-cdu","tag-limita-de-varsta","tag-protectie-mediul-digital","tag-retele-sociale","tag-sanctiuni","tag-securitate-digitala","tag-uniunea-europeana"],"_links":{"self":[{"href":"https:\/\/www.newsrecorder.ro\/app\/wp-json\/wp\/v2\/posts\/4382","targetHints":{"allow":["GET"]}}],"collection":[{"href":"https:\/\/www.newsrecorder.ro\/app\/wp-json\/wp\/v2\/posts"}],"about":[{"href":"https:\/\/www.newsrecorder.ro\/app\/wp-json\/wp\/v2\/types\/post"}],"author":[{"embeddable":true,"href":"https:\/\/www.newsrecorder.ro\/app\/wp-json\/wp\/v2\/users\/2"}],"replies":[{"embeddable":true,"href":"https:\/\/www.newsrecorder.ro\/app\/wp-json\/wp\/v2\/comments?post=4382"}],"version-history":[{"count":0,"href":"https:\/\/www.newsrecorder.ro\/app\/wp-json\/wp\/v2\/posts\/4382\/revisions"}],"wp:featuredmedia":[{"embeddable":true,"href":"https:\/\/www.newsrecorder.ro\/app\/wp-json\/wp\/v2\/media\/4383"}],"wp:attachment":[{"href":"https:\/\/www.newsrecorder.ro\/app\/wp-json\/wp\/v2\/media?parent=4382"}],"wp:term":[{"taxonomy":"category","embeddable":true,"href":"https:\/\/www.newsrecorder.ro\/app\/wp-json\/wp\/v2\/categories?post=4382"},{"taxonomy":"post_tag","embeddable":true,"href":"https:\/\/www.newsrecorder.ro\/app\/wp-json\/wp\/v2\/tags?post=4382"}],"curies":[{"name":"wp","href":"https:\/\/api.w.org\/{rel}","templated":true}]}}