{"id":4398,"date":"2026-02-21T18:36:10","date_gmt":"2026-02-21T18:36:10","guid":{"rendered":"https:\/\/www.newsrecorder.ro\/app\/2026\/02\/21\/cluj-tanar-arestat-pentru-rapirea-si-sechestrarea-fostei-iubite\/"},"modified":"2026-02-21T18:36:10","modified_gmt":"2026-02-21T18:36:10","slug":"cluj-tanar-arestat-pentru-rapirea-si-sechestrarea-fostei-iubite","status":"publish","type":"post","link":"https:\/\/www.newsrecorder.ro\/app\/2026\/02\/21\/cluj-tanar-arestat-pentru-rapirea-si-sechestrarea-fostei-iubite\/","title":{"rendered":"Cluj: T\u00e2n\u0103r arestat pentru r\u0103pirea \u0219i sechestrarea fostei iubite"},"content":{"rendered":"<p>Pe 20 februarie, poli\u021bi\u0219tii de la Sec\u021bia 6 Poli\u021bie Rural\u0103 Flore\u0219ti au ac\u021bionat prompt, re\u021bin\u00e2nd un t\u00e2n\u0103r suspectat de comiterea unor infrac\u021biuni grave, inclusiv lipsire de libertate, violen\u021b\u0103 \u00een familie \u0219i amenin\u021bare, conform comunicatului de pres\u0103 al IPJ Cluj de s\u00e2mb\u0103t\u0103.<\/p>\n<p>Investiga\u021biile ini\u021biale au relevat c\u0103 t\u00e2n\u0103rul, originar din comuna Apahida, a intrat \u00een contact cu victima sa, o t\u00e2n\u0103r\u0103 de 23 de ani din Chinteni, din cauza unor ne\u00een\u021belegeri legate de rela\u021bia lor anterioar\u0103.<\/p>\n<p>Se pare c\u0103, dup\u0103 ce femeia a refuzat s\u0103-l \u00eenso\u021beasc\u0103, b\u0103rbatul a recurs la violen\u021b\u0103, agres\u00e2nd-o fizic \u0219i oblig\u00e2nd-o, \u00eempotriva voin\u021bei sale, s\u0103-l \u00eenso\u021beasc\u0103 la locuin\u021ba sa din comuna Flore\u0219ti. Acolo, t\u00e2n\u0103rul a continuat s\u0103 o maltrateze, amenin\u021b\u00e2nd-o cu acte de violen\u021b\u0103 \u0219i av\u00e2nd asupra sa un obiect t\u0103ietor-\u00een\u021bep\u0103tor, conform declara\u021biilor autorit\u0103\u021bilor.<\/p>\n<p>\u00cen urma acestor evenimente, b\u0103rbatul a fost re\u021binut pentru 24 de ore. De asemenea, a fost emis un ordin de protec\u021bie \u00eempotriva lui. La scurt timp, el a fost adus \u00een fa\u021ba judec\u0103torului de drepturi \u0219i libert\u0103\u021bi de la Judec\u0103toria Cluj-Napoca, care a dispus arestarea sa preventiv\u0103 pentru o durat\u0103 de 30 de zile.<\/p>\n","protected":false},"excerpt":{"rendered":"<p>Pe 20 februarie, poli\u021bi\u0219tii de la Sec\u021bia 6 Poli\u021bie Rural\u0103 Flore\u0219ti au ac\u021bionat prompt, re\u021bin\u00e2nd un t\u00e2n\u0103r suspectat de comiterea unor infrac\u021biuni grave, inclusiv lipsire de libertate, violen\u021b\u0103 \u00een familie \u0219i amenin\u021bare, conform comunicatului de pres\u0103 al IPJ Cluj de s\u00e2mb\u0103t\u0103. Investiga\u021biile ini\u021biale au relevat c\u0103 t\u00e2n\u0103rul, originar din comuna Apahida, a intrat \u00een contact [&hellip;]<\/p>\n","protected":false},"author":2,"featured_media":4399,"comment_status":"open","ping_status":"open","sticky":false,"template":"","format":"standard","meta":{"jnews-multi-image_gallery":[],"jnews_single_post":[],"jnews_primary_category":[],"jnews_override_counter":[],"footnotes":""},"categories":[39],"tags":[4053,6879,6880,6878,6877,505,1098,6876],"class_list":["post-4398","post","type-post","status-publish","format-standard","has-post-thumbnail","hentry","category-stirile-zilei","tag-amenintare","tag-apahida","tag-chinteni","tag-floresti","tag-lipsire-de-libertate","tag-politie","tag-retinere","tag-violenta-in-familie"],"_links":{"self":[{"href":"https:\/\/www.newsrecorder.ro\/app\/wp-json\/wp\/v2\/posts\/4398","targetHints":{"allow":["GET"]}}],"collection":[{"href":"https:\/\/www.newsrecorder.ro\/app\/wp-json\/wp\/v2\/posts"}],"about":[{"href":"https:\/\/www.newsrecorder.ro\/app\/wp-json\/wp\/v2\/types\/post"}],"author":[{"embeddable":true,"href":"https:\/\/www.newsrecorder.ro\/app\/wp-json\/wp\/v2\/users\/2"}],"replies":[{"embeddable":true,"href":"https:\/\/www.newsrecorder.ro\/app\/wp-json\/wp\/v2\/comments?post=4398"}],"version-history":[{"count":0,"href":"https:\/\/www.newsrecorder.ro\/app\/wp-json\/wp\/v2\/posts\/4398\/revisions"}],"wp:featuredmedia":[{"embeddable":true,"href":"https:\/\/www.newsrecorder.ro\/app\/wp-json\/wp\/v2\/media\/4399"}],"wp:attachment":[{"href":"https:\/\/www.newsrecorder.ro\/app\/wp-json\/wp\/v2\/media?parent=4398"}],"wp:term":[{"taxonomy":"category","embeddable":true,"href":"https:\/\/www.newsrecorder.ro\/app\/wp-json\/wp\/v2\/categories?post=4398"},{"taxonomy":"post_tag","embeddable":true,"href":"https:\/\/www.newsrecorder.ro\/app\/wp-json\/wp\/v2\/tags?post=4398"}],"curies":[{"name":"wp","href":"https:\/\/api.w.org\/{rel}","templated":true}]}}