{"id":4402,"date":"2026-02-21T19:41:27","date_gmt":"2026-02-21T19:41:27","guid":{"rendered":"https:\/\/www.newsrecorder.ro\/app\/2026\/02\/21\/alerta-meteo-viscol-si-pana-la-15-cm-de-zapada-in-bucuresti\/"},"modified":"2026-02-21T19:41:27","modified_gmt":"2026-02-21T19:41:27","slug":"alerta-meteo-viscol-si-pana-la-15-cm-de-zapada-in-bucuresti","status":"publish","type":"post","link":"https:\/\/www.newsrecorder.ro\/app\/2026\/02\/21\/alerta-meteo-viscol-si-pana-la-15-cm-de-zapada-in-bucuresti\/","title":{"rendered":"Alert\u0103 meteo: Viscol \u0219i p\u00e2n\u0103 la 15 cm de z\u0103pad\u0103 \u00een Bucure\u0219ti!"},"content":{"rendered":"<p class=\"font-claude-response-body break-words whitespace-normal leading-[1.7]\">Capitala se va confrunta cu intensific\u0103ri ale <a href=\"https:\/\/www.mediafax.ro\/meteo\/anm-cod-galben-de-viscol-si-ninsori-in-jumatate-de-tara-rafale-de-pana-la-70-km-h-23690081\">v\u00e2ntului<\/a>, ninsori abundente, viscol \u0219i un nou strat de z\u0103pad\u0103. De asemenea, o <a href=\"https:\/\/www.meteoromania.ro\/\" target=\"_blank\" rel=\"noopener\">informare<\/a> privind vremea extrem de rece este activ\u0103 pentru aceea\u0219i perioad\u0103.<\/p>\n<p><strong>Vineri, 20 februarie: ploi, polei \u0219i ninsoare<\/strong><\/p>\n<p class=\"font-claude-response-body break-words whitespace-normal leading-[1.7]\">Atmosfera se va \u00eennora treptat, iar din dup\u0103-amiaz\u0103 se vor instala ploile. Temperatura maxim\u0103 nu va dep\u0103\u0219i 2-3 grade Celsius.<\/p>\n<p class=\"font-claude-response-body break-words whitespace-normal leading-[1.7]\">Pe parcursul dup\u0103-amiezii, v\u00e2ntul va lua av\u00e2nt, cu rafale de 55-65 km\/h. Noaptea, precipita\u021biile se vor transforma \u00een mixte \u2014 exist\u00e2nd riscuri de polei \u0219i ghe\u021bu\u0219 \u2014 \u00eenainte de a trece la ninsoare. Vizibilitatea va sc\u0103dea sub 100 de metri, iar un nou strat de z\u0103pad\u0103 de 6-8 cm se va depune, \u00eentr-un mod neuniform.<\/p>\n<p><strong>S\u00e2mb\u0103t\u0103, 21 februarie: ger, ninsori abundente \u0219i viscol<\/strong><\/p>\n<p class=\"font-claude-response-body break-words whitespace-normal leading-[1.7]\">Vremea se va r\u0103ci semnificativ, iar ninsorile vor fi \u00eensemnate cantitativ, stratul nou de z\u0103pad\u0103 ating\u00e2nd 10-15 cm. V\u00e2ntul va viscoli ninsoarea \u00een prima parte a zilei, cu rafale de 40-45 km\/h. Temperaturile maxime vor fi \u00eentre -3 \u0219i -2 grade, iar minimele vor sc\u0103dea la -4 p\u00e2n\u0103 la -3 grade.<\/p>\n<p>O informare meteorologic\u0103 privind vremea extrem de rece va fi \u00een vigoare pentru municipiul Bucure\u0219ti \u00een intervalul 20 februarie, ora 10 \u2013 22 februarie, ora 10.<\/p>\n<p>Pe de alt\u0103 parte, \u00eentre 20 februarie, ora 12 \u2013 22 februarie, ora 10, va fi activ\u0103 o aten\u021bionare meteorologic\u0103 pentru municipiul Bucure\u0219ti, referitoare la intensific\u0103rile v\u00e2ntului, precipita\u021biile semnificative, ninsorile abundente, viscolul \u0219i acumularea de z\u0103pad\u0103.<\/p>\n","protected":false},"excerpt":{"rendered":"<p>Capitala se va confrunta cu intensific\u0103ri ale v\u00e2ntului, ninsori abundente, viscol \u0219i un nou strat de z\u0103pad\u0103. De asemenea, o informare privind vremea extrem de rece este activ\u0103 pentru aceea\u0219i perioad\u0103. Vineri, 20 februarie: ploi, polei \u0219i ninsoare Atmosfera se va \u00eennora treptat, iar din dup\u0103-amiaz\u0103 se vor instala ploile. Temperatura maxim\u0103 nu va dep\u0103\u0219i [&hellip;]<\/p>\n","protected":false},"author":5,"featured_media":4403,"comment_status":"open","ping_status":"open","sticky":false,"template":"","format":"standard","meta":{"jnews-multi-image_gallery":[],"jnews_single_post":[],"jnews_primary_category":[],"jnews_override_counter":[],"footnotes":""},"categories":[45],"tags":[128,127,136,3162,137,1142,125,729],"class_list":["post-4402","post","type-post","status-publish","format-standard","has-post-thumbnail","hentry","category-meteo","tag-ger","tag-ninsori","tag-polei","tag-temperatura","tag-vant","tag-viscol","tag-vreme","tag-zapada"],"_links":{"self":[{"href":"https:\/\/www.newsrecorder.ro\/app\/wp-json\/wp\/v2\/posts\/4402","targetHints":{"allow":["GET"]}}],"collection":[{"href":"https:\/\/www.newsrecorder.ro\/app\/wp-json\/wp\/v2\/posts"}],"about":[{"href":"https:\/\/www.newsrecorder.ro\/app\/wp-json\/wp\/v2\/types\/post"}],"author":[{"embeddable":true,"href":"https:\/\/www.newsrecorder.ro\/app\/wp-json\/wp\/v2\/users\/5"}],"replies":[{"embeddable":true,"href":"https:\/\/www.newsrecorder.ro\/app\/wp-json\/wp\/v2\/comments?post=4402"}],"version-history":[{"count":0,"href":"https:\/\/www.newsrecorder.ro\/app\/wp-json\/wp\/v2\/posts\/4402\/revisions"}],"wp:featuredmedia":[{"embeddable":true,"href":"https:\/\/www.newsrecorder.ro\/app\/wp-json\/wp\/v2\/media\/4403"}],"wp:attachment":[{"href":"https:\/\/www.newsrecorder.ro\/app\/wp-json\/wp\/v2\/media?parent=4402"}],"wp:term":[{"taxonomy":"category","embeddable":true,"href":"https:\/\/www.newsrecorder.ro\/app\/wp-json\/wp\/v2\/categories?post=4402"},{"taxonomy":"post_tag","embeddable":true,"href":"https:\/\/www.newsrecorder.ro\/app\/wp-json\/wp\/v2\/tags?post=4402"}],"curies":[{"name":"wp","href":"https:\/\/api.w.org\/{rel}","templated":true}]}}