{"id":4408,"date":"2026-02-21T19:42:48","date_gmt":"2026-02-21T19:42:48","guid":{"rendered":"https:\/\/www.newsrecorder.ro\/app\/2026\/02\/21\/alerta-meteo-ploile-si-ninsorile-afecteaza-intreaga-romanie-pana-duminica\/"},"modified":"2026-02-21T19:42:48","modified_gmt":"2026-02-21T19:42:48","slug":"alerta-meteo-ploile-si-ninsorile-afecteaza-intreaga-romanie-pana-duminica","status":"publish","type":"post","link":"https:\/\/www.newsrecorder.ro\/app\/2026\/02\/21\/alerta-meteo-ploile-si-ninsorile-afecteaza-intreaga-romanie-pana-duminica\/","title":{"rendered":"ALERT\u0102 METEO: Ploile \u0219i ninsorile afecteaz\u0103 \u00eentreaga Rom\u00e2nie, p\u00e2n\u0103 duminic\u0103!"},"content":{"rendered":"<p><a href=\"https:\/\/www.meteoromania.ro\/\" target=\"_blank\" rel=\"noopener\">Administra\u021bia Na\u021bional\u0103 de Meteorologie (ANM)<\/a> a emis un avertisment valabil de vineri, ora 2:00, p\u00e2n\u0103 duminic\u0103, ora 10:00, privind precipita\u021biile moderate, poleiul \u0219i ghe\u021bu\u0219ul. De asemenea, se preconizeaz\u0103 un <a href=\"https:\/\/www.mediafax.ro\/social\/alerta-la-4-20-dimineata-si-mii-de-comentarii-furioase-ce-spune-raed-arafat-23689533\">strat de z\u0103pad\u0103<\/a>, intensific\u0103ri ale v\u00e2ntului, viscol \u0219i temperaturi sc\u0103zute.<\/p>\n<p>Conform ANM, aria precipita\u021biilor se va extinde din regiunile vestice, afect\u00e2nd majoritatea teritoriului rom\u00e2nesc.<\/p>\n<h2>Ploi \u0219i ninsori \u00een diferite regiuni<\/h2>\n<p>\u00cen regiunile Banat \u0219i Cri\u0219ana, se vor \u00eenregistra predominant ploi, \u00een timp ce \u00een Moldova \u0219i la munte vor c\u0103dea ninsori. \u00cen restul \u021b\u0103rii, vor fi precipita\u021bii mixte. Vineri seara (20 februarie) \u0219i \u00een noaptea de vineri spre s\u00e2mb\u0103t\u0103 (20\/21 februarie), ninsorile vor deveni dominante. Cantit\u0103\u021bile de ap\u0103 vor varia local \u00eentre 10 \u0219i 15 l\/mp, iar izolat se pot \u00eenregistra valori de peste 20-25 l\/mp. Pe suprafe\u021be mici, se va forma polei sau ghe\u021bu\u0219, iar stratul de z\u0103pad\u0103 va avea grosimi medii de 5-15 cm.<\/p>\n<h2>Intensific\u0103ri ale v\u00e2ntului<\/h2>\n<p>Vineri (20 februarie), v\u00e2ntul va prezenta intensific\u0103ri temporare \u00een regiunile vestice \u0219i la munte, urm\u00e2nd ca, \u00eencep\u00e2nd cu orele amiezii \u0219i p\u00e2n\u0103 s\u00e2mb\u0103t\u0103 seara (21 februarie), s\u0103 se resimt\u0103 \u0219i \u00een regiunile estice \u0219i sud-estice. Vitezele v\u00e2ntului vor fi, \u00een general, \u00eentre 40 \u0219i 55 km\/h, iar la altitudini mari, rafalele vor putea atinge valori cuprinse \u00eentre 70 \u0219i 90 km\/h, condi\u021bii \u00een care se va produce viscol \u0219i vizibilitate sc\u0103zut\u0103.<\/p>\n<h2>Temperaturi sc\u0103zute<\/h2>\n<p>Vineri (20 februarie), vremea va fi rece \u00een Moldova \u0219i \u00een nord-estul Munteniei, unde temperaturile maxime vor varia \u00eentre -3 \u0219i 2 grade Celsius.<\/p>\n<p>S\u00e2mb\u0103t\u0103 (21 februarie), se va \u00eenregistra o r\u0103cire semnificativ\u0103 \u00een majoritatea regiunilor, cu maxime ce se vor situa \u00eentre -6 \u0219i 4 grade. Minimele vor oscila \u00eentre -12 \u0219i -2 grade, iar gerul va fi predominant \u00een nordul Moldovei.<\/p>\n","protected":false},"excerpt":{"rendered":"<p>Administra\u021bia Na\u021bional\u0103 de Meteorologie (ANM) a emis un avertisment valabil de vineri, ora 2:00, p\u00e2n\u0103 duminic\u0103, ora 10:00, privind precipita\u021biile moderate, poleiul \u0219i ghe\u021bu\u0219ul. De asemenea, se preconizeaz\u0103 un strat de z\u0103pad\u0103, intensific\u0103ri ale v\u00e2ntului, viscol \u0219i temperaturi sc\u0103zute. Conform ANM, aria precipita\u021biilor se va extinde din regiunile vestice, afect\u00e2nd majoritatea teritoriului rom\u00e2nesc. Ploi \u0219i [&hellip;]<\/p>\n","protected":false},"author":5,"featured_media":4409,"comment_status":"open","ping_status":"open","sticky":false,"template":"","format":"standard","meta":{"jnews-multi-image_gallery":[],"jnews_single_post":[],"jnews_primary_category":[],"jnews_override_counter":[],"footnotes":""},"categories":[45],"tags":[6891,127,136,135,4034,81,137,729],"class_list":["post-4408","post","type-post","status-publish","format-standard","has-post-thumbnail","hentry","category-meteo","tag-avertisment-meteorologic","tag-ninsori","tag-polei","tag-precipitatii","tag-regiuni","tag-temperaturi-scazute","tag-vant","tag-zapada"],"_links":{"self":[{"href":"https:\/\/www.newsrecorder.ro\/app\/wp-json\/wp\/v2\/posts\/4408","targetHints":{"allow":["GET"]}}],"collection":[{"href":"https:\/\/www.newsrecorder.ro\/app\/wp-json\/wp\/v2\/posts"}],"about":[{"href":"https:\/\/www.newsrecorder.ro\/app\/wp-json\/wp\/v2\/types\/post"}],"author":[{"embeddable":true,"href":"https:\/\/www.newsrecorder.ro\/app\/wp-json\/wp\/v2\/users\/5"}],"replies":[{"embeddable":true,"href":"https:\/\/www.newsrecorder.ro\/app\/wp-json\/wp\/v2\/comments?post=4408"}],"version-history":[{"count":0,"href":"https:\/\/www.newsrecorder.ro\/app\/wp-json\/wp\/v2\/posts\/4408\/revisions"}],"wp:featuredmedia":[{"embeddable":true,"href":"https:\/\/www.newsrecorder.ro\/app\/wp-json\/wp\/v2\/media\/4409"}],"wp:attachment":[{"href":"https:\/\/www.newsrecorder.ro\/app\/wp-json\/wp\/v2\/media?parent=4408"}],"wp:term":[{"taxonomy":"category","embeddable":true,"href":"https:\/\/www.newsrecorder.ro\/app\/wp-json\/wp\/v2\/categories?post=4408"},{"taxonomy":"post_tag","embeddable":true,"href":"https:\/\/www.newsrecorder.ro\/app\/wp-json\/wp\/v2\/tags?post=4408"}],"curies":[{"name":"wp","href":"https:\/\/api.w.org\/{rel}","templated":true}]}}