{"id":4416,"date":"2026-02-21T19:44:16","date_gmt":"2026-02-21T19:44:16","guid":{"rendered":"https:\/\/www.newsrecorder.ro\/app\/2026\/02\/21\/bucuresti-in-alerta-ninsoare-puternica-si-zapada-in-crestere\/"},"modified":"2026-02-21T19:44:16","modified_gmt":"2026-02-21T19:44:16","slug":"bucuresti-in-alerta-ninsoare-puternica-si-zapada-in-crestere","status":"publish","type":"post","link":"https:\/\/www.newsrecorder.ro\/app\/2026\/02\/21\/bucuresti-in-alerta-ninsoare-puternica-si-zapada-in-crestere\/","title":{"rendered":"Bucure\u0219ti \u00een alert\u0103: Ninsoare puternic\u0103 \u0219i z\u0103pad\u0103 \u00een cre\u0219tere!"},"content":{"rendered":"<p>Administra\u021bia Na\u021bional\u0103 de Meteorologie a emis o avertizare special\u0103 de tip <strong>Cod Ro\u0219u<\/strong> pentru <strong>municipiul Bucure\u0219ti<\/strong>, valabil\u0103 ast\u0103zi, 18 februarie 2026, \u00eentre orele 04:20 \u0219i 08:20. Meteorologii prognozeaz\u0103 <strong>ninsoare abundent\u0103<\/strong>, cu un strat de z\u0103pad\u0103 deja depus de <strong>30\u201335 cm<\/strong>, iar precipita\u021biile continu\u0103, urm\u00e2nd s\u0103 se mai adauge \u00een medie \u00eenc\u0103 <strong>15\u201320 cm<\/strong> de z\u0103pad\u0103.<\/p>\n<p>\u00cen plus, s-a emis un mesaj ROALERT \u00een jurul orei 4 diminea\u021ba, inform\u00e2nd popula\u021bia despre condi\u021biile severe de vreme.<\/p>\n<p>\u00cen contextul acestor avertiz\u0103ri, capitala, \u00eempreun\u0103 cu alte 12 jude\u021be din Muntenia \u0219i Moldova, se afl\u0103 sub <a style=\"color: #0000ff\" href=\"https:\/\/www.mediafax.ro\/meteo\/avertizare-anm-cod-portocaliu-de-viscol-si-ninsori-in-bucuresti-si-12-judete-cel-mai-sever-episod-de-iarna-din-acest-sezon-23688082\">Cod portocaliu<\/a> de ninsoare abundent\u0103.<\/p>\n<p>\u201ePrim\u0103riile de sector au mobilizat un num\u0103r impresionant de resurse, inclusiv 378 de utilaje \u0219i 2.750 de operatori \u2013 920 de persoane \u00een tura de noapte \u0219i 1.830 \u00een tura de zi. \u00cen total, s-au utilizat 18.626 tone de material antiderapant, at\u00e2t solid c\u00e2t \u0219i lichid. Prioritate \u00een desz\u0103pezire au arterele principale, pantele, rampele, podurile, sta\u021biile STB, trecerile de pietoni, precum \u0219i zonele din jurul unit\u0103\u021bilor de \u00eenv\u0103\u021b\u0103m\u00e2nt, spitalelor \u0219i altor institu\u021bii publice,\u201d se arat\u0103 \u00eentr-un mesaj postat pe Facebook de Prim\u0103ria Municipiului Bucure\u0219ti (PMB).<\/p>\n<p>Primarul General, Ciprian Ciucu, a declarat c\u0103, p\u00e2n\u0103 \u00een prezent, nu au fost raportate probleme majore, cu excep\u021bia intensific\u0103rii ninsorii. \u201eOperatorii de Salubrizare ai Sectoarelor sunt mobiliza\u021bi \u0219i ac\u021bioneaz\u0103. Rezultatele vor fi evidente diminea\u021b\u0103,\u201d a ad\u0103ugat acesta.<\/p>\n<p>\u00cen Sectorul 2, primarul Rare\u0219 Hopinca a men\u021bionat c\u0103 monitorizeaz\u0103 situa\u021bia din Centrul de Comand\u0103 \u0219i coordoneaz\u0103 interven\u021biile \u00een timp real. Utilajele sunt active pe arterele principale, \u00een apropierea spitalelor \u0219i \u0219colilor, precum \u0219i \u00een zonele cu trafic intens.<\/p>\n<p>\u00cen Sectorul 5, edilul Vlad Popescu Piedone a informat c\u0103 sunt preg\u0103tite 36 de utilaje pentru a asigura circula\u021bia \u00een condi\u021bii optime. De asemenea, 100 de lucr\u0103tori stradali vor ac\u021biona pentru a men\u021bine trotuarele \u00een siguran\u021b\u0103 pentru pietoni.<\/p>\n<p>\u201eAm mobilizat toate echipele de desz\u0103pezire care vor interveni pe tot parcursul nop\u021bii pentru a men\u021bine circulabile arterele principale \u0219i c\u0103ile de acces c\u0103tre spitale, \u0219coli \u0219i institu\u021bii publice. Ac\u021bion\u0103m preventiv cu materiale antiderapante \u0219i utilaje \u00een punctele critice,\u201d a mai declarat Piedone.<\/p>\n","protected":false},"excerpt":{"rendered":"<p>Administra\u021bia Na\u021bional\u0103 de Meteorologie a emis o avertizare special\u0103 de tip Cod Ro\u0219u pentru municipiul Bucure\u0219ti, valabil\u0103 ast\u0103zi, 18 februarie 2026, \u00eentre orele 04:20 \u0219i 08:20. Meteorologii prognozeaz\u0103 ninsoare abundent\u0103, cu un strat de z\u0103pad\u0103 deja depus de 30\u201335 cm, iar precipita\u021biile continu\u0103, urm\u00e2nd s\u0103 se mai adauge \u00een medie \u00eenc\u0103 15\u201320 cm de z\u0103pad\u0103. [&hellip;]<\/p>\n","protected":false},"author":5,"featured_media":4417,"comment_status":"open","ping_status":"open","sticky":false,"template":"","format":"standard","meta":{"jnews-multi-image_gallery":[],"jnews_single_post":[],"jnews_primary_category":[],"jnews_override_counter":[],"footnotes":""},"categories":[45],"tags":[732,362,5991,2239,133,4036,743,6420],"class_list":["post-4416","post","type-post","status-publish","format-standard","has-post-thumbnail","hentry","category-meteo","tag-avertizare","tag-bucuresti","tag-cod-rosu","tag-deszapezire","tag-meteorologie","tag-muntenia","tag-ninsoare","tag-roalert"],"_links":{"self":[{"href":"https:\/\/www.newsrecorder.ro\/app\/wp-json\/wp\/v2\/posts\/4416","targetHints":{"allow":["GET"]}}],"collection":[{"href":"https:\/\/www.newsrecorder.ro\/app\/wp-json\/wp\/v2\/posts"}],"about":[{"href":"https:\/\/www.newsrecorder.ro\/app\/wp-json\/wp\/v2\/types\/post"}],"author":[{"embeddable":true,"href":"https:\/\/www.newsrecorder.ro\/app\/wp-json\/wp\/v2\/users\/5"}],"replies":[{"embeddable":true,"href":"https:\/\/www.newsrecorder.ro\/app\/wp-json\/wp\/v2\/comments?post=4416"}],"version-history":[{"count":0,"href":"https:\/\/www.newsrecorder.ro\/app\/wp-json\/wp\/v2\/posts\/4416\/revisions"}],"wp:featuredmedia":[{"embeddable":true,"href":"https:\/\/www.newsrecorder.ro\/app\/wp-json\/wp\/v2\/media\/4417"}],"wp:attachment":[{"href":"https:\/\/www.newsrecorder.ro\/app\/wp-json\/wp\/v2\/media?parent=4416"}],"wp:term":[{"taxonomy":"category","embeddable":true,"href":"https:\/\/www.newsrecorder.ro\/app\/wp-json\/wp\/v2\/categories?post=4416"},{"taxonomy":"post_tag","embeddable":true,"href":"https:\/\/www.newsrecorder.ro\/app\/wp-json\/wp\/v2\/tags?post=4416"}],"curies":[{"name":"wp","href":"https:\/\/api.w.org\/{rel}","templated":true}]}}