{"id":4422,"date":"2026-02-21T20:10:44","date_gmt":"2026-02-21T20:10:44","guid":{"rendered":"https:\/\/www.newsrecorder.ro\/app\/2026\/02\/21\/cod-galben-de-viscol-si-ninsori-rafale-de-70-km-h-in-romania\/"},"modified":"2026-02-21T20:10:44","modified_gmt":"2026-02-21T20:10:44","slug":"cod-galben-de-viscol-si-ninsori-rafale-de-70-km-h-in-romania","status":"publish","type":"post","link":"https:\/\/www.newsrecorder.ro\/app\/2026\/02\/21\/cod-galben-de-viscol-si-ninsori-rafale-de-70-km-h-in-romania\/","title":{"rendered":"Cod galben de viscol \u0219i ninsori: rafale de 70 km\/h \u00een Rom\u00e2nia!"},"content":{"rendered":"<p>Noul raport emis de Administra\u021bia Na\u021bional\u0103 de Meteorologie (ANM) aduce ve\u0219ti importante, anun\u021b\u00e2nd o alert\u0103 de Cod galben. Aceasta preveste\u0219te viscol puternic \u0219i precipita\u021bii semnificative \u00een regiunile deja afectate de v\u00e2nt \u0219i ninsoare.<\/p>\n<p>\u00cencep\u00e2nd cu aceast\u0103 dup\u0103-amiaz\u0103, intensificarea v\u00e2ntului se va face sim\u021bit\u0103 \u00een sudul Moldovei \u0219i Muntenia, extinz\u00e2ndu-se ulterior \u00een Dobrogea \u0219i sud-estul Olteniei. Rafalele vor atinge viteze de 50-60 km\/h, iar \u00een anumite zone pot ajunge la 65-70 km\/h. De asemenea, vizibilitatea va sc\u0103dea dramatic, sub 100 de metri, \u00een regiunile afectate de viscol.<\/p>\n<p><strong>Ninsori \u0219i polei<\/strong><\/p>\n<p>\u00cen noaptea de vineri spre s\u00e2mb\u0103t\u0103, precipita\u021biile vor avea un caracter mixt, prezent\u00e2nd un risc de polei \u0219i ghe\u021bu\u0219. Acestea se vor transforma \u00een ninsoare pe aproape \u00eentreg teritoriul, cu excep\u021bia litoralului. Se estimeaz\u0103 c\u0103 stratul de z\u0103pad\u0103 va atinge grosimi de 15-20 cm, iar cantit\u0103\u021bile de ap\u0103 acumulate vor varia \u00eentre 15 \u0219i 30 l\/mp.<\/p>\n<p><strong>Ger \u0219i temperaturi extreme<\/strong><\/p>\n<p>A\u0219adar, s\u00e2mb\u0103t\u0103, vremea se va r\u0103ci brusc \u00een majoritatea regiunilor. \u00cen sud \u0219i est, temperaturile maxime nu vor dep\u0103\u0219i -5 p\u00e2n\u0103 la 1 grad Celsius, iar minimele din noaptea de vineri spre s\u00e2mb\u0103t\u0103 se vor \u00eenregistra la valori de -12 grade \u00een nordul Moldovei \u0219i nord-estul Transilvaniei.<\/p>\n<p><strong>Informarea meteo \u00een vigoare<\/strong><\/p>\n<p>De asemenea, informarea meteorologic\u0103 emis\u0103 anterior de ANM r\u0103m\u00e2ne valabil\u0103 pentru \u00eentreaga \u021bar\u0103 p\u00e2n\u0103 duminic\u0103 diminea\u021ba. Aceasta include ninsori, polei, v\u00e2nt puternic \u0219i viscol \u00een zonele montane, cu rafale ce pot atinge 70-90 km\/h la altitudini mari.<\/p>\n<p>\u00cen Banat \u0219i Cri\u0219ana, ploile vor predomina. \u00cen Moldova \u0219i la munte va ninge, iar \u00een restul \u021b\u0103rii, vineri, vor fi predominant ploi. \u00cens\u0103, \u00eencep\u00e2nd din seara zilei de vineri \u0219i p\u00e2n\u0103 duminic\u0103 diminea\u021ba, ninsorile vor deveni dominante. Se estimeaz\u0103 c\u0103, local, cantit\u0103\u021bile de ap\u0103 vor varia \u00eentre 15 \u0219i 20 l\/mp, iar \u00een unele zone chiar vor dep\u0103\u0219i 25 l\/mp.<\/p>\n<p>Pe por\u021biuni restr\u00e2nse se va forma polei \u0219i ghe\u021bu\u0219, iar stratul de z\u0103pad\u0103 va avea grosimi medii de 5-15 cm.<\/p>\n<p>Vineri (20 februarie), v\u00e2ntul va suferi intensific\u0103ri temporare \u00een regiunile vestice \u0219i la munte, iar \u00eencep\u00e2nd cu orele amiezii \u0219i p\u00e2n\u0103 s\u00e2mb\u0103t\u0103 seara (21 februarie), va afecta \u0219i zonele estice \u0219i sud-estice. Vitezele v\u00e2ntului vor fi, \u00een general, \u00eentre 40-55 km\/h, cu rafale ce pot ajunge la 70-90 km\/h la altitudini mari. \u00cen sud-estul \u021b\u0103rii, viscolul va crea condi\u021bii de vizibilitate redus\u0103.<\/p>\n<p>\u00cen ceea ce prive\u0219te vremea din ziua de vineri, aceasta va fi rece \u00een jum\u0103tatea de nord a Moldovei, cu temperaturi maxime cuprinse \u00eentre -3 \u0219i 2 grade. Noaptea de vineri spre s\u00e2mb\u0103t\u0103 (20\/21 februarie) va aduce minime termice \u00eentre -12 \u0219i 4 grade, cele mai sc\u0103zute valori fiind \u00eenregistrate \u00een nordul Moldovei \u0219i nord-estul Transilvaniei. S\u00e2mb\u0103t\u0103 (21 februarie), vremea va continua s\u0103 se r\u0103ceasc\u0103, devenind deosebit de rece \u00een sud \u0219i est, unde maximele se vor situa \u00eentre -5 \u0219i 1 grad.<\/p>\n","protected":false},"excerpt":{"rendered":"<p>Noul raport emis de Administra\u021bia Na\u021bional\u0103 de Meteorologie (ANM) aduce ve\u0219ti importante, anun\u021b\u00e2nd o alert\u0103 de Cod galben. Aceasta preveste\u0219te viscol puternic \u0219i precipita\u021bii semnificative \u00een regiunile deja afectate de v\u00e2nt \u0219i ninsoare. \u00cencep\u00e2nd cu aceast\u0103 dup\u0103-amiaz\u0103, intensificarea v\u00e2ntului se va face sim\u021bit\u0103 \u00een sudul Moldovei \u0219i Muntenia, extinz\u00e2ndu-se ulterior \u00een Dobrogea \u0219i sud-estul Olteniei. [&hellip;]<\/p>\n","protected":false},"author":5,"featured_media":4423,"comment_status":"open","ping_status":"open","sticky":false,"template":"","format":"standard","meta":{"jnews-multi-image_gallery":[],"jnews_single_post":[],"jnews_primary_category":[],"jnews_override_counter":[],"footnotes":""},"categories":[45],"tags":[1561,128,133,743,136,135,137,1142],"class_list":["post-4422","post","type-post","status-publish","format-standard","has-post-thumbnail","hentry","category-meteo","tag-alerta-cod-galben","tag-ger","tag-meteorologie","tag-ninsoare","tag-polei","tag-precipitatii","tag-vant","tag-viscol"],"_links":{"self":[{"href":"https:\/\/www.newsrecorder.ro\/app\/wp-json\/wp\/v2\/posts\/4422","targetHints":{"allow":["GET"]}}],"collection":[{"href":"https:\/\/www.newsrecorder.ro\/app\/wp-json\/wp\/v2\/posts"}],"about":[{"href":"https:\/\/www.newsrecorder.ro\/app\/wp-json\/wp\/v2\/types\/post"}],"author":[{"embeddable":true,"href":"https:\/\/www.newsrecorder.ro\/app\/wp-json\/wp\/v2\/users\/5"}],"replies":[{"embeddable":true,"href":"https:\/\/www.newsrecorder.ro\/app\/wp-json\/wp\/v2\/comments?post=4422"}],"version-history":[{"count":0,"href":"https:\/\/www.newsrecorder.ro\/app\/wp-json\/wp\/v2\/posts\/4422\/revisions"}],"wp:featuredmedia":[{"embeddable":true,"href":"https:\/\/www.newsrecorder.ro\/app\/wp-json\/wp\/v2\/media\/4423"}],"wp:attachment":[{"href":"https:\/\/www.newsrecorder.ro\/app\/wp-json\/wp\/v2\/media?parent=4422"}],"wp:term":[{"taxonomy":"category","embeddable":true,"href":"https:\/\/www.newsrecorder.ro\/app\/wp-json\/wp\/v2\/categories?post=4422"},{"taxonomy":"post_tag","embeddable":true,"href":"https:\/\/www.newsrecorder.ro\/app\/wp-json\/wp\/v2\/tags?post=4422"}],"curies":[{"name":"wp","href":"https:\/\/api.w.org\/{rel}","templated":true}]}}